{"id":1284,"date":"2020-05-13T12:23:00","date_gmt":"2020-05-13T12:23:00","guid":{"rendered":"https:\/\/www.eikholt.no\/?p=1284"},"modified":"2023-06-23T12:25:44","modified_gmt":"2023-06-23T12:25:44","slug":"eikholt-rapport-arbejder-med-mennesker-med-synsnedsaettelse-og-horsel","status":"publish","type":"post","link":"https:\/\/www.eikholt.no\/da\/artikler\/eikholt-rapport-arbejder-med-mennesker-med-synsnedsaettelse-og-horsel\/","title":{"rendered":"Eikholt-rapport - Arbejde med syns- og h\u00f8reneds\u00e6ttelse"},"content":{"rendered":"<p>Mennesker med erhvervet d\u00f8vblindhed har store vanskeligheder med at f\u00e5 forst\u00e5else i samfundet for det specifikke handicap, det er at have et kombineret sansetab (NKDB, 2017). Det er ikke let at blive set og h\u00f8rt og at kunne tr\u00e6ffe sine egne valg for at deltage i samfundet (Johansson, 2017). At have et job er en vigtig rettighed for de fleste voksne i Norge. Mange af dem med erhvervet d\u00f8vblindhed har et job, f\u00f8r sansetabet bliver en udfordring. At beholde et job under s\u00e5danne omst\u00e6ndigheder er en udfordring og kr\u00e6ver en indsats i form af blandt andet rehabilitering og st\u00f8tteprogrammer. Ideen til dette projekt opstod p\u00e5 en workshop p\u00e5 Eikholt med 17 inviterede deltagere med syns- og h\u00f8reneds\u00e6ttelse (Lund, Hovland &amp; Enggrav, 2017). Alle ti deltagere i projektet er i arbejde, og form\u00e5let med projektet er at afd\u00e6kke de vigtigste succesfaktorer, som er afg\u00f8rende for, at de kan beholde deres job.<\/p>\n\n\n\n<p>Resultaterne viser, at der er behov for at udvikle et nyt erhvervsrettet rehabiliteringsprogram for mennesker med kombineret sansetab. Et s\u00e5dant program b\u00f8r v\u00e6re rettet mod unge mennesker, der er under uddannelse og \u00f8nsker at finde vej til arbejdslivet. Men det skal ogs\u00e5 omfatte alle dem, der allerede har et job og k\u00e6mper for at beholde det. Der b\u00f8r oprettes et \"jobfastholdelsesprogram\" i form af et \"arbejdslivsprogram\", som omfatter, hvad der kr\u00e6ves for at beholde et job. Dette projekt har identificeret en r\u00e6kke elementer, som b\u00f8r indg\u00e5 i et s\u00e5dant program, og hvordan det kan organiseres. Vi forestiller os, at \"arbejdslivsprogrammet\" kunne struktureres som en kombination af NAV-tilpasningskurser og kompetenceformidling.<\/p>\n\n\n\n<p>Desuden peger projektet p\u00e5, at der ser ud til at v\u00e6re et stort ud\u00e6kket behov for en r\u00e5dgivningstjeneste for arbejdsgivere og ledere. Meget af den r\u00e5dgivning, der findes i dag, er rettet mod medarbejderen. Resultatet er, at mange mennesker med sansetab f\u00f8ler, at de har et alt for stort ansvar for at sikre, at alt fungerer. De tager det ansvar, fordi arbejdspladsen er vigtig for dem. Noget af dette pres kunne lettes, hvis arbejdsgiveren og vejlederen fik bedre indsigt og mere st\u00f8tte i deres rolle.<\/p>\n\n\n\n<p>Vil du l\u00e6se rapporten? <a href=\"https:\/\/www.eikholt.no\/da\/app\/uploads\/2023\/06\/eikholt-rapport-om-at-arbejde-med-mennesker-med-synsnedsaettelse-og-heste-pdf\/\" target=\"_blank\" rel=\"noreferrer noopener\">l\u00e6s her<\/a><\/p>","protected":false},"excerpt":{"rendered":"<p>For at f\u00e5 viden om mennesker med sansetabs oplevelser p\u00e5 arbejdspladsen har vi valgt at bruge en empirisk unders\u00f8gelse, hvor vi kan fortolke, forst\u00e5 og beskrive deltagernes oplevelser af deres arbejdssituation.<\/p>","protected":false},"author":2,"featured_media":0,"comment_status":"closed","ping_status":"closed","sticky":false,"template":"","format":"standard","meta":{"_acf_changed":false,"inline_featured_image":false,"ep_exclude_from_search":false,"footnotes":""},"categories":[12],"tags":[],"class_list":["post-1284","post","type-post","status-publish","format-standard","hentry","category-nyheter"],"acf":[],"yoast_head":"<!-- This site is optimized with the Yoast SEO plugin v25.8 - https:\/\/yoast.com\/wordpress\/plugins\/seo\/ -->\n<title>Eikholt rapport - Yrkesaktiv med nedsatt syn og h\u00f8rsel - Eikholt<\/title>\n<meta name=\"robots\" content=\"index, follow, max-snippet:-1, max-image-preview:large, max-video-preview:-1\" \/>\n<link rel=\"canonical\" href=\"https:\/\/www.eikholt.no\/da\/artikler\/eikholt-rapport-arbejder-med-mennesker-med-synsnedsaettelse-og-horsel\/\" \/>\n<meta property=\"og:locale\" content=\"da_DK\" \/>\n<meta property=\"og:type\" content=\"article\" \/>\n<meta property=\"og:title\" content=\"Eikholt rapport - Yrkesaktiv med nedsatt syn og h\u00f8rsel - Eikholt\" \/>\n<meta property=\"og:description\" content=\"For \u00e5 f\u00e5 kunnskap om personer med kombinert sansetaps erfaringer i jobbsammenheng har vi valgt \u00e5 bruke en empirisk studie der vi kan tolke, forst\u00e5 og beskrive deltakernes erfaringer av sin arbeidssituasjon.\" \/>\n<meta property=\"og:url\" content=\"https:\/\/www.eikholt.no\/da\/artikler\/eikholt-rapport-arbejder-med-mennesker-med-synsnedsaettelse-og-horsel\/\" \/>\n<meta property=\"og:site_name\" content=\"Eikholt\" \/>\n<meta property=\"article:publisher\" content=\"https:\/\/www.facebook.com\/eikholt.kompetansesenter\" \/>\n<meta property=\"article:published_time\" content=\"2020-05-13T12:23:00+00:00\" \/>\n<meta property=\"article:modified_time\" content=\"2023-06-23T12:25:44+00:00\" \/>\n<meta name=\"author\" content=\"eikholt\" \/>\n<meta name=\"twitter:card\" content=\"summary_large_image\" \/>\n<meta name=\"twitter:label1\" content=\"Written by\" \/>\n\t<meta name=\"twitter:data1\" content=\"eikholt\" \/>\n\t<meta name=\"twitter:label2\" content=\"Est. reading time\" \/>\n\t<meta name=\"twitter:data2\" content=\"2 minutes\" \/>\n<script type=\"application\/ld+json\" class=\"yoast-schema-graph\">{\"@context\":\"https:\/\/schema.org\",\"@graph\":[{\"@type\":\"Article\",\"@id\":\"https:\/\/www.eikholt.no\/artikler\/eikholt-rapport-yrkesaktiv-med-nedsatt-syn-og-horsel\/#article\",\"isPartOf\":{\"@id\":\"https:\/\/www.eikholt.no\/artikler\/eikholt-rapport-yrkesaktiv-med-nedsatt-syn-og-horsel\/\"},\"author\":{\"name\":\"eikholt\",\"@id\":\"https:\/\/www.eikholt.no\/#\/schema\/person\/823978105d8e2ddceb0963ff9eb0b816\"},\"headline\":\"Eikholt rapport &#8211; Yrkesaktiv med nedsatt syn og h\u00f8rsel\",\"datePublished\":\"2020-05-13T12:23:00+00:00\",\"dateModified\":\"2023-06-23T12:25:44+00:00\",\"mainEntityOfPage\":{\"@id\":\"https:\/\/www.eikholt.no\/artikler\/eikholt-rapport-yrkesaktiv-med-nedsatt-syn-og-horsel\/\"},\"wordCount\":367,\"publisher\":{\"@id\":\"https:\/\/www.eikholt.no\/#organization\"},\"articleSection\":[\"Nyheter\"],\"inLanguage\":\"da-DK\"},{\"@type\":\"WebPage\",\"@id\":\"https:\/\/www.eikholt.no\/artikler\/eikholt-rapport-yrkesaktiv-med-nedsatt-syn-og-horsel\/\",\"url\":\"https:\/\/www.eikholt.no\/artikler\/eikholt-rapport-yrkesaktiv-med-nedsatt-syn-og-horsel\/\",\"name\":\"Eikholt rapport - Yrkesaktiv med nedsatt syn og h\u00f8rsel - Eikholt\",\"isPartOf\":{\"@id\":\"https:\/\/www.eikholt.no\/#website\"},\"datePublished\":\"2020-05-13T12:23:00+00:00\",\"dateModified\":\"2023-06-23T12:25:44+00:00\",\"breadcrumb\":{\"@id\":\"https:\/\/www.eikholt.no\/artikler\/eikholt-rapport-yrkesaktiv-med-nedsatt-syn-og-horsel\/#breadcrumb\"},\"inLanguage\":\"da-DK\",\"potentialAction\":[{\"@type\":\"ReadAction\",\"target\":[\"https:\/\/www.eikholt.no\/artikler\/eikholt-rapport-yrkesaktiv-med-nedsatt-syn-og-horsel\/\"]}]},{\"@type\":\"BreadcrumbList\",\"@id\":\"https:\/\/www.eikholt.no\/artikler\/eikholt-rapport-yrkesaktiv-med-nedsatt-syn-og-horsel\/#breadcrumb\",\"itemListElement\":[{\"@type\":\"ListItem\",\"position\":1,\"name\":\"Forside\",\"item\":\"https:\/\/www.eikholt.no\/\"},{\"@type\":\"ListItem\",\"position\":2,\"name\":\"Eikholt rapport &#8211; Yrkesaktiv med nedsatt syn og h\u00f8rsel\"}]},{\"@type\":\"WebSite\",\"@id\":\"https:\/\/www.eikholt.no\/#website\",\"url\":\"https:\/\/www.eikholt.no\/\",\"name\":\"Eikholt\",\"description\":\"\",\"publisher\":{\"@id\":\"https:\/\/www.eikholt.no\/#organization\"},\"potentialAction\":[{\"@type\":\"SearchAction\",\"target\":{\"@type\":\"EntryPoint\",\"urlTemplate\":\"https:\/\/www.eikholt.no\/?s={search_term_string}\"},\"query-input\":{\"@type\":\"PropertyValueSpecification\",\"valueRequired\":true,\"valueName\":\"search_term_string\"}}],\"inLanguage\":\"da-DK\"},{\"@type\":\"Organization\",\"@id\":\"https:\/\/www.eikholt.no\/#organization\",\"name\":\"Eikholt\",\"url\":\"https:\/\/www.eikholt.no\/\",\"logo\":{\"@type\":\"ImageObject\",\"inLanguage\":\"da-DK\",\"@id\":\"https:\/\/www.eikholt.no\/#\/schema\/logo\/image\/\",\"url\":\"https:\/\/www.eikholt.no\/app\/uploads\/2024\/04\/cropped-Logo-Eikholt-ny.jpg\",\"contentUrl\":\"https:\/\/www.eikholt.no\/app\/uploads\/2024\/04\/cropped-Logo-Eikholt-ny.jpg\",\"width\":419,\"height\":209,\"caption\":\"Eikholt\"},\"image\":{\"@id\":\"https:\/\/www.eikholt.no\/#\/schema\/logo\/image\/\"},\"sameAs\":[\"https:\/\/www.facebook.com\/eikholt.kompetansesenter\"]},{\"@type\":\"Person\",\"@id\":\"https:\/\/www.eikholt.no\/#\/schema\/person\/823978105d8e2ddceb0963ff9eb0b816\",\"name\":\"eikholt\",\"image\":{\"@type\":\"ImageObject\",\"inLanguage\":\"da-DK\",\"@id\":\"https:\/\/www.eikholt.no\/#\/schema\/person\/image\/\",\"url\":\"https:\/\/www.eikholt.no\/app\/uploads\/2023\/10\/only-logo-96x96.png\",\"contentUrl\":\"https:\/\/www.eikholt.no\/app\/uploads\/2023\/10\/only-logo-96x96.png\",\"caption\":\"eikholt\"},\"url\":\"https:\/\/www.eikholt.no\/da\/artikler\/author\/eikholt\/\"}]}<\/script>\n<!-- \/ Yoast SEO plugin. -->","yoast_head_json":{"title":"Eikholt-rapport - Arbejde med syns- og h\u00f8reneds\u00e6ttelse - Eikholt","robots":{"index":"index","follow":"follow","max-snippet":"max-snippet:-1","max-image-preview":"max-image-preview:large","max-video-preview":"max-video-preview:-1"},"canonical":"https:\/\/www.eikholt.no\/da\/artikler\/eikholt-rapport-arbejder-med-mennesker-med-synsnedsaettelse-og-horsel\/","og_locale":"da_DK","og_type":"article","og_title":"Eikholt rapport - Yrkesaktiv med nedsatt syn og h\u00f8rsel - Eikholt","og_description":"For \u00e5 f\u00e5 kunnskap om personer med kombinert sansetaps erfaringer i jobbsammenheng har vi valgt \u00e5 bruke en empirisk studie der vi kan tolke, forst\u00e5 og beskrive deltakernes erfaringer av sin arbeidssituasjon.","og_url":"https:\/\/www.eikholt.no\/da\/artikler\/eikholt-rapport-arbejder-med-mennesker-med-synsnedsaettelse-og-horsel\/","og_site_name":"Eikholt","article_publisher":"https:\/\/www.facebook.com\/eikholt.kompetansesenter","article_published_time":"2020-05-13T12:23:00+00:00","article_modified_time":"2023-06-23T12:25:44+00:00","author":"eikholt","twitter_card":"summary_large_image","twitter_misc":{"Written by":"eikholt","Est. reading time":"2 minutes"},"schema":{"@context":"https:\/\/schema.org","@graph":[{"@type":"Article","@id":"https:\/\/www.eikholt.no\/artikler\/eikholt-rapport-yrkesaktiv-med-nedsatt-syn-og-horsel\/#article","isPartOf":{"@id":"https:\/\/www.eikholt.no\/artikler\/eikholt-rapport-yrkesaktiv-med-nedsatt-syn-og-horsel\/"},"author":{"name":"eikholt","@id":"https:\/\/www.eikholt.no\/#\/schema\/person\/823978105d8e2ddceb0963ff9eb0b816"},"headline":"Eikholt rapport &#8211; Yrkesaktiv med nedsatt syn og h\u00f8rsel","datePublished":"2020-05-13T12:23:00+00:00","dateModified":"2023-06-23T12:25:44+00:00","mainEntityOfPage":{"@id":"https:\/\/www.eikholt.no\/artikler\/eikholt-rapport-yrkesaktiv-med-nedsatt-syn-og-horsel\/"},"wordCount":367,"publisher":{"@id":"https:\/\/www.eikholt.no\/#organization"},"articleSection":["Nyheter"],"inLanguage":"da-DK"},{"@type":"WebPage","@id":"https:\/\/www.eikholt.no\/artikler\/eikholt-rapport-yrkesaktiv-med-nedsatt-syn-og-horsel\/","url":"https:\/\/www.eikholt.no\/artikler\/eikholt-rapport-yrkesaktiv-med-nedsatt-syn-og-horsel\/","name":"Eikholt-rapport - Arbejde med syns- og h\u00f8reneds\u00e6ttelse - Eikholt","isPartOf":{"@id":"https:\/\/www.eikholt.no\/#website"},"datePublished":"2020-05-13T12:23:00+00:00","dateModified":"2023-06-23T12:25:44+00:00","breadcrumb":{"@id":"https:\/\/www.eikholt.no\/artikler\/eikholt-rapport-yrkesaktiv-med-nedsatt-syn-og-horsel\/#breadcrumb"},"inLanguage":"da-DK","potentialAction":[{"@type":"ReadAction","target":["https:\/\/www.eikholt.no\/artikler\/eikholt-rapport-yrkesaktiv-med-nedsatt-syn-og-horsel\/"]}]},{"@type":"BreadcrumbList","@id":"https:\/\/www.eikholt.no\/artikler\/eikholt-rapport-yrkesaktiv-med-nedsatt-syn-og-horsel\/#breadcrumb","itemListElement":[{"@type":"ListItem","position":1,"name":"Forside","item":"https:\/\/www.eikholt.no\/"},{"@type":"ListItem","position":2,"name":"Eikholt rapport &#8211; Yrkesaktiv med nedsatt syn og h\u00f8rsel"}]},{"@type":"WebSite","@id":"https:\/\/www.eikholt.no\/#website","url":"https:\/\/www.eikholt.no\/","name":"Eikholt","description":"","publisher":{"@id":"https:\/\/www.eikholt.no\/#organization"},"potentialAction":[{"@type":"SearchAction","target":{"@type":"EntryPoint","urlTemplate":"https:\/\/www.eikholt.no\/?s={search_term_string}"},"query-input":{"@type":"PropertyValueSpecification","valueRequired":true,"valueName":"search_term_string"}}],"inLanguage":"da-DK"},{"@type":"Organization","@id":"https:\/\/www.eikholt.no\/#organization","name":"Eikholt","url":"https:\/\/www.eikholt.no\/","logo":{"@type":"ImageObject","inLanguage":"da-DK","@id":"https:\/\/www.eikholt.no\/#\/schema\/logo\/image\/","url":"https:\/\/www.eikholt.no\/app\/uploads\/2024\/04\/cropped-Logo-Eikholt-ny.jpg","contentUrl":"https:\/\/www.eikholt.no\/app\/uploads\/2024\/04\/cropped-Logo-Eikholt-ny.jpg","width":419,"height":209,"caption":"Eikholt"},"image":{"@id":"https:\/\/www.eikholt.no\/#\/schema\/logo\/image\/"},"sameAs":["https:\/\/www.facebook.com\/eikholt.kompetansesenter"]},{"@type":"Person","@id":"https:\/\/www.eikholt.no\/#\/schema\/person\/823978105d8e2ddceb0963ff9eb0b816","name":"Egelund","image":{"@type":"ImageObject","inLanguage":"da-DK","@id":"https:\/\/www.eikholt.no\/#\/schema\/person\/image\/","url":"https:\/\/www.eikholt.no\/app\/uploads\/2023\/10\/only-logo-96x96.png","contentUrl":"https:\/\/www.eikholt.no\/app\/uploads\/2023\/10\/only-logo-96x96.png","caption":"eikholt"},"url":"https:\/\/www.eikholt.no\/da\/artikler\/author\/eikholt\/"}]}},"_links":{"self":[{"href":"https:\/\/www.eikholt.no\/da\/wp-json\/wp\/v2\/posts\/1284","targetHints":{"allow":["GET"]}}],"collection":[{"href":"https:\/\/www.eikholt.no\/da\/wp-json\/wp\/v2\/posts"}],"about":[{"href":"https:\/\/www.eikholt.no\/da\/wp-json\/wp\/v2\/types\/post"}],"author":[{"embeddable":true,"href":"https:\/\/www.eikholt.no\/da\/wp-json\/wp\/v2\/users\/2"}],"replies":[{"embeddable":true,"href":"https:\/\/www.eikholt.no\/da\/wp-json\/wp\/v2\/comments?post=1284"}],"version-history":[{"count":2,"href":"https:\/\/www.eikholt.no\/da\/wp-json\/wp\/v2\/posts\/1284\/revisions"}],"predecessor-version":[{"id":1288,"href":"https:\/\/www.eikholt.no\/da\/wp-json\/wp\/v2\/posts\/1284\/revisions\/1288"}],"wp:attachment":[{"href":"https:\/\/www.eikholt.no\/da\/wp-json\/wp\/v2\/media?parent=1284"}],"wp:term":[{"taxonomy":"category","embeddable":true,"href":"https:\/\/www.eikholt.no\/da\/wp-json\/wp\/v2\/categories?post=1284"},{"taxonomy":"post_tag","embeddable":true,"href":"https:\/\/www.eikholt.no\/da\/wp-json\/wp\/v2\/tags?post=1284"}],"curies":[{"name":"wp","href":"https:\/\/api.w.org\/{rel}","templated":true}]}}