{"id":1335,"date":"2020-09-25T12:45:00","date_gmt":"2020-09-25T12:45:00","guid":{"rendered":"https:\/\/www.eikholt.no\/?p=1335"},"modified":"2023-06-23T12:46:37","modified_gmt":"2023-06-23T12:46:37","slug":"rolf-og-ann-britt-i-optikerbutikken","status":"publish","type":"post","link":"https:\/\/www.eikholt.no\/da\/artikler\/rolf-og-ann-britt-i-optikerbutikken\/","title":{"rendered":"Rolf og Ann-Britt i Optikeren"},"content":{"rendered":"<p>Mellem 2017 og 2020 gennemf\u00f8rte forskerne Rolf Lund og Ann-Britt Johansson ved Eikholt Ressourcecenter for D\u00f8vblindhed et projekt for at unders\u00f8ge effekten af filterbriller p\u00e5 mennesker med kombineret sansetab. Du kan l\u00e6se mere om dette i en artikel i magasinet Optikeren nr. 3 2020.<\/p>\n\n\n\n<p>Pointen med denne artikel er at pr\u00e6sentere, hvad vi vil kalde et \"uventet fund\" i projektet. Samtidig \u00f8nsker vi som grundlag for videre forskning at pr\u00e6sentere en ny forklaringsmodel, som ikke svarer til den traditionelle forklaring p\u00e5, hvordan filterbriller skal v\u00e6lges. Dette kan v\u00e6re et v\u00e6sentligt bidrag til optisk synsrehabilitering, og reglerne for, hvad NAV anser for at v\u00e6re filterbriller, skal m\u00e5ske \u00e6ndres. Vi har allerede resultater, der viser, at den nuv\u00e6rende praksis ikke indfanger de behov, som brugerne rapporterer.<\/p>\n\n\n<div class=\"wp-block-image\">\n<figure class=\"alignleft size-full\"><img loading=\"lazy\" decoding=\"async\" width=\"431\" height=\"324\" src=\"https:\/\/www.eikholt.no\/app\/uploads\/2023\/06\/optikeren-utddrag2-lund-johansson.png\" alt=\"\" class=\"wp-image-1337\" srcset=\"https:\/\/www.eikholt.no\/app\/uploads\/2023\/06\/optikeren-utddrag2-lund-johansson.png 431w, https:\/\/www.eikholt.no\/app\/uploads\/2023\/06\/optikeren-utddrag2-lund-johansson-300x226.png 300w\" sizes=\"auto, (max-width: 431px) 100vw, 431px\" \/><\/figure><\/div>\n\n\n<p>Det vigtigste resultat i projektet viser, at mennesker med en h\u00f8j grad af lysf\u00f8lsomhed ofte har brug for andre typer filterbriller end dem, som NAV i dag anerkender som filterbriller. Vi vil argumentere for, at filterbriller b\u00f8r defineres som briller, der filtrerer de b\u00f8lgel\u00e6ngder, som brugeren oplever som bl\u00e6ndende og irriterende. Vi b\u00f8r erstatte navnet \"kantfilter\" med \"selektivt filter\". En fagperson, f.eks. en optiker, kan dokumentere, at der er en sammenh\u00e6ng mellem valget af filterbriller og det frekvensomr\u00e5de, som brugeren opfatter som bl\u00e6ndende og forstyrrende for synsfunktionen.<\/p>\n\n\n\n<p><a href=\"https:\/\/www.optikerne.no\/getOptikeren.php?issue=Optikeren202003&amp;ID=46299531\">Se artiklen i sin helhed fra side 40 p\u00e5 Optikerne.no<\/a><\/p>","protected":false},"excerpt":{"rendered":"<p>Lund og Johansson har skrevet en artikel med titlen \"A better trial of filter glasses for people with light sensitivity and reduced visual function\".<\/p>","protected":false},"author":2,"featured_media":0,"comment_status":"closed","ping_status":"closed","sticky":false,"template":"","format":"standard","meta":{"_acf_changed":false,"inline_featured_image":false,"ep_exclude_from_search":false,"footnotes":""},"categories":[12],"tags":[],"class_list":["post-1335","post","type-post","status-publish","format-standard","hentry","category-nyheter"],"acf":[],"yoast_head":"<!-- This site is optimized with the Yoast SEO plugin v25.8 - https:\/\/yoast.com\/wordpress\/plugins\/seo\/ -->\n<title>Rolf og Ann-Britt i Optikeren - Eikholt<\/title>\n<meta name=\"robots\" content=\"index, follow, max-snippet:-1, max-image-preview:large, max-video-preview:-1\" \/>\n<link rel=\"canonical\" href=\"https:\/\/www.eikholt.no\/da\/artikler\/rolf-og-ann-britt-i-optikerbutikken\/\" \/>\n<meta property=\"og:locale\" content=\"da_DK\" \/>\n<meta property=\"og:type\" content=\"article\" \/>\n<meta property=\"og:title\" content=\"Rolf og Ann-Britt i Optikeren - Eikholt\" \/>\n<meta property=\"og:description\" content=\"Lund og Johansson har forfattet en artikkel ved navn &quot;En bedre utpr\u00f8ving av filterbriller for personer med lys\u00f8mfintlighet og nedsatt synsfunksjon&quot;\" \/>\n<meta property=\"og:url\" content=\"https:\/\/www.eikholt.no\/da\/artikler\/rolf-og-ann-britt-i-optikerbutikken\/\" \/>\n<meta property=\"og:site_name\" content=\"Eikholt\" \/>\n<meta property=\"article:publisher\" content=\"https:\/\/www.facebook.com\/eikholt.kompetansesenter\" \/>\n<meta property=\"article:published_time\" content=\"2020-09-25T12:45:00+00:00\" \/>\n<meta property=\"article:modified_time\" content=\"2023-06-23T12:46:37+00:00\" \/>\n<meta property=\"og:image\" content=\"https:\/\/www.eikholt.no\/app\/uploads\/2023\/06\/optikeren-utddrag2-lund-johansson.png\" \/>\n<meta name=\"author\" content=\"eikholt\" \/>\n<meta name=\"twitter:card\" content=\"summary_large_image\" \/>\n<meta name=\"twitter:label1\" content=\"Written by\" \/>\n\t<meta name=\"twitter:data1\" content=\"eikholt\" \/>\n\t<meta name=\"twitter:label2\" content=\"Est. reading time\" \/>\n\t<meta name=\"twitter:data2\" content=\"1 minute\" \/>\n<script type=\"application\/ld+json\" class=\"yoast-schema-graph\">{\"@context\":\"https:\/\/schema.org\",\"@graph\":[{\"@type\":\"Article\",\"@id\":\"https:\/\/www.eikholt.no\/artikler\/rolf-og-ann-britt-i-optikeren\/#article\",\"isPartOf\":{\"@id\":\"https:\/\/www.eikholt.no\/artikler\/rolf-og-ann-britt-i-optikeren\/\"},\"author\":{\"name\":\"eikholt\",\"@id\":\"https:\/\/www.eikholt.no\/#\/schema\/person\/823978105d8e2ddceb0963ff9eb0b816\"},\"headline\":\"Rolf og Ann-Britt i Optikeren\",\"datePublished\":\"2020-09-25T12:45:00+00:00\",\"dateModified\":\"2023-06-23T12:46:37+00:00\",\"mainEntityOfPage\":{\"@id\":\"https:\/\/www.eikholt.no\/artikler\/rolf-og-ann-britt-i-optikeren\/\"},\"wordCount\":232,\"publisher\":{\"@id\":\"https:\/\/www.eikholt.no\/#organization\"},\"image\":{\"@id\":\"https:\/\/www.eikholt.no\/artikler\/rolf-og-ann-britt-i-optikeren\/#primaryimage\"},\"thumbnailUrl\":\"https:\/\/www.eikholt.no\/app\/uploads\/2023\/06\/optikeren-utddrag2-lund-johansson.png\",\"articleSection\":[\"Nyheter\"],\"inLanguage\":\"da-DK\"},{\"@type\":\"WebPage\",\"@id\":\"https:\/\/www.eikholt.no\/artikler\/rolf-og-ann-britt-i-optikeren\/\",\"url\":\"https:\/\/www.eikholt.no\/artikler\/rolf-og-ann-britt-i-optikeren\/\",\"name\":\"Rolf og Ann-Britt i Optikeren - Eikholt\",\"isPartOf\":{\"@id\":\"https:\/\/www.eikholt.no\/#website\"},\"primaryImageOfPage\":{\"@id\":\"https:\/\/www.eikholt.no\/artikler\/rolf-og-ann-britt-i-optikeren\/#primaryimage\"},\"image\":{\"@id\":\"https:\/\/www.eikholt.no\/artikler\/rolf-og-ann-britt-i-optikeren\/#primaryimage\"},\"thumbnailUrl\":\"https:\/\/www.eikholt.no\/app\/uploads\/2023\/06\/optikeren-utddrag2-lund-johansson.png\",\"datePublished\":\"2020-09-25T12:45:00+00:00\",\"dateModified\":\"2023-06-23T12:46:37+00:00\",\"breadcrumb\":{\"@id\":\"https:\/\/www.eikholt.no\/artikler\/rolf-og-ann-britt-i-optikeren\/#breadcrumb\"},\"inLanguage\":\"da-DK\",\"potentialAction\":[{\"@type\":\"ReadAction\",\"target\":[\"https:\/\/www.eikholt.no\/artikler\/rolf-og-ann-britt-i-optikeren\/\"]}]},{\"@type\":\"ImageObject\",\"inLanguage\":\"da-DK\",\"@id\":\"https:\/\/www.eikholt.no\/artikler\/rolf-og-ann-britt-i-optikeren\/#primaryimage\",\"url\":\"https:\/\/www.eikholt.no\/app\/uploads\/2023\/06\/optikeren-utddrag2-lund-johansson.png\",\"contentUrl\":\"https:\/\/www.eikholt.no\/app\/uploads\/2023\/06\/optikeren-utddrag2-lund-johansson.png\"},{\"@type\":\"BreadcrumbList\",\"@id\":\"https:\/\/www.eikholt.no\/artikler\/rolf-og-ann-britt-i-optikeren\/#breadcrumb\",\"itemListElement\":[{\"@type\":\"ListItem\",\"position\":1,\"name\":\"Forside\",\"item\":\"https:\/\/www.eikholt.no\/\"},{\"@type\":\"ListItem\",\"position\":2,\"name\":\"Rolf og Ann-Britt i Optikeren\"}]},{\"@type\":\"WebSite\",\"@id\":\"https:\/\/www.eikholt.no\/#website\",\"url\":\"https:\/\/www.eikholt.no\/\",\"name\":\"Eikholt\",\"description\":\"\",\"publisher\":{\"@id\":\"https:\/\/www.eikholt.no\/#organization\"},\"potentialAction\":[{\"@type\":\"SearchAction\",\"target\":{\"@type\":\"EntryPoint\",\"urlTemplate\":\"https:\/\/www.eikholt.no\/?s={search_term_string}\"},\"query-input\":{\"@type\":\"PropertyValueSpecification\",\"valueRequired\":true,\"valueName\":\"search_term_string\"}}],\"inLanguage\":\"da-DK\"},{\"@type\":\"Organization\",\"@id\":\"https:\/\/www.eikholt.no\/#organization\",\"name\":\"Eikholt\",\"url\":\"https:\/\/www.eikholt.no\/\",\"logo\":{\"@type\":\"ImageObject\",\"inLanguage\":\"da-DK\",\"@id\":\"https:\/\/www.eikholt.no\/#\/schema\/logo\/image\/\",\"url\":\"https:\/\/www.eikholt.no\/app\/uploads\/2024\/04\/cropped-Logo-Eikholt-ny.jpg\",\"contentUrl\":\"https:\/\/www.eikholt.no\/app\/uploads\/2024\/04\/cropped-Logo-Eikholt-ny.jpg\",\"width\":419,\"height\":209,\"caption\":\"Eikholt\"},\"image\":{\"@id\":\"https:\/\/www.eikholt.no\/#\/schema\/logo\/image\/\"},\"sameAs\":[\"https:\/\/www.facebook.com\/eikholt.kompetansesenter\"]},{\"@type\":\"Person\",\"@id\":\"https:\/\/www.eikholt.no\/#\/schema\/person\/823978105d8e2ddceb0963ff9eb0b816\",\"name\":\"eikholt\",\"image\":{\"@type\":\"ImageObject\",\"inLanguage\":\"da-DK\",\"@id\":\"https:\/\/www.eikholt.no\/#\/schema\/person\/image\/\",\"url\":\"https:\/\/www.eikholt.no\/app\/uploads\/2023\/10\/only-logo-96x96.png\",\"contentUrl\":\"https:\/\/www.eikholt.no\/app\/uploads\/2023\/10\/only-logo-96x96.png\",\"caption\":\"eikholt\"},\"url\":\"https:\/\/www.eikholt.no\/da\/artikler\/author\/eikholt\/\"}]}<\/script>\n<!-- \/ Yoast SEO plugin. -->","yoast_head_json":{"title":"Rolf og Ann-Britt i Optikeren - Eikholt","robots":{"index":"index","follow":"follow","max-snippet":"max-snippet:-1","max-image-preview":"max-image-preview:large","max-video-preview":"max-video-preview:-1"},"canonical":"https:\/\/www.eikholt.no\/da\/artikler\/rolf-og-ann-britt-i-optikerbutikken\/","og_locale":"da_DK","og_type":"article","og_title":"Rolf og Ann-Britt i Optikeren - Eikholt","og_description":"Lund og Johansson har forfattet en artikkel ved navn \"En bedre utpr\u00f8ving av filterbriller for personer med lys\u00f8mfintlighet og nedsatt synsfunksjon\"","og_url":"https:\/\/www.eikholt.no\/da\/artikler\/rolf-og-ann-britt-i-optikerbutikken\/","og_site_name":"Eikholt","article_publisher":"https:\/\/www.facebook.com\/eikholt.kompetansesenter","article_published_time":"2020-09-25T12:45:00+00:00","article_modified_time":"2023-06-23T12:46:37+00:00","og_image":[{"url":"https:\/\/www.eikholt.no\/app\/uploads\/2023\/06\/optikeren-utddrag2-lund-johansson.png","type":"","width":"","height":""}],"author":"eikholt","twitter_card":"summary_large_image","twitter_misc":{"Written by":"eikholt","Est. reading time":"1 minute"},"schema":{"@context":"https:\/\/schema.org","@graph":[{"@type":"Article","@id":"https:\/\/www.eikholt.no\/artikler\/rolf-og-ann-britt-i-optikeren\/#article","isPartOf":{"@id":"https:\/\/www.eikholt.no\/artikler\/rolf-og-ann-britt-i-optikeren\/"},"author":{"name":"eikholt","@id":"https:\/\/www.eikholt.no\/#\/schema\/person\/823978105d8e2ddceb0963ff9eb0b816"},"headline":"Rolf og Ann-Britt i Optikeren","datePublished":"2020-09-25T12:45:00+00:00","dateModified":"2023-06-23T12:46:37+00:00","mainEntityOfPage":{"@id":"https:\/\/www.eikholt.no\/artikler\/rolf-og-ann-britt-i-optikeren\/"},"wordCount":232,"publisher":{"@id":"https:\/\/www.eikholt.no\/#organization"},"image":{"@id":"https:\/\/www.eikholt.no\/artikler\/rolf-og-ann-britt-i-optikeren\/#primaryimage"},"thumbnailUrl":"https:\/\/www.eikholt.no\/app\/uploads\/2023\/06\/optikeren-utddrag2-lund-johansson.png","articleSection":["Nyheter"],"inLanguage":"da-DK"},{"@type":"WebPage","@id":"https:\/\/www.eikholt.no\/artikler\/rolf-og-ann-britt-i-optikeren\/","url":"https:\/\/www.eikholt.no\/artikler\/rolf-og-ann-britt-i-optikeren\/","name":"Rolf og Ann-Britt i Optikeren - Eikholt","isPartOf":{"@id":"https:\/\/www.eikholt.no\/#website"},"primaryImageOfPage":{"@id":"https:\/\/www.eikholt.no\/artikler\/rolf-og-ann-britt-i-optikeren\/#primaryimage"},"image":{"@id":"https:\/\/www.eikholt.no\/artikler\/rolf-og-ann-britt-i-optikeren\/#primaryimage"},"thumbnailUrl":"https:\/\/www.eikholt.no\/app\/uploads\/2023\/06\/optikeren-utddrag2-lund-johansson.png","datePublished":"2020-09-25T12:45:00+00:00","dateModified":"2023-06-23T12:46:37+00:00","breadcrumb":{"@id":"https:\/\/www.eikholt.no\/artikler\/rolf-og-ann-britt-i-optikeren\/#breadcrumb"},"inLanguage":"da-DK","potentialAction":[{"@type":"ReadAction","target":["https:\/\/www.eikholt.no\/artikler\/rolf-og-ann-britt-i-optikeren\/"]}]},{"@type":"ImageObject","inLanguage":"da-DK","@id":"https:\/\/www.eikholt.no\/artikler\/rolf-og-ann-britt-i-optikeren\/#primaryimage","url":"https:\/\/www.eikholt.no\/app\/uploads\/2023\/06\/optikeren-utddrag2-lund-johansson.png","contentUrl":"https:\/\/www.eikholt.no\/app\/uploads\/2023\/06\/optikeren-utddrag2-lund-johansson.png"},{"@type":"BreadcrumbList","@id":"https:\/\/www.eikholt.no\/artikler\/rolf-og-ann-britt-i-optikeren\/#breadcrumb","itemListElement":[{"@type":"ListItem","position":1,"name":"Forside","item":"https:\/\/www.eikholt.no\/"},{"@type":"ListItem","position":2,"name":"Rolf og Ann-Britt i Optikeren"}]},{"@type":"WebSite","@id":"https:\/\/www.eikholt.no\/#website","url":"https:\/\/www.eikholt.no\/","name":"Eikholt","description":"","publisher":{"@id":"https:\/\/www.eikholt.no\/#organization"},"potentialAction":[{"@type":"SearchAction","target":{"@type":"EntryPoint","urlTemplate":"https:\/\/www.eikholt.no\/?s={search_term_string}"},"query-input":{"@type":"PropertyValueSpecification","valueRequired":true,"valueName":"search_term_string"}}],"inLanguage":"da-DK"},{"@type":"Organization","@id":"https:\/\/www.eikholt.no\/#organization","name":"Eikholt","url":"https:\/\/www.eikholt.no\/","logo":{"@type":"ImageObject","inLanguage":"da-DK","@id":"https:\/\/www.eikholt.no\/#\/schema\/logo\/image\/","url":"https:\/\/www.eikholt.no\/app\/uploads\/2024\/04\/cropped-Logo-Eikholt-ny.jpg","contentUrl":"https:\/\/www.eikholt.no\/app\/uploads\/2024\/04\/cropped-Logo-Eikholt-ny.jpg","width":419,"height":209,"caption":"Eikholt"},"image":{"@id":"https:\/\/www.eikholt.no\/#\/schema\/logo\/image\/"},"sameAs":["https:\/\/www.facebook.com\/eikholt.kompetansesenter"]},{"@type":"Person","@id":"https:\/\/www.eikholt.no\/#\/schema\/person\/823978105d8e2ddceb0963ff9eb0b816","name":"Egelund","image":{"@type":"ImageObject","inLanguage":"da-DK","@id":"https:\/\/www.eikholt.no\/#\/schema\/person\/image\/","url":"https:\/\/www.eikholt.no\/app\/uploads\/2023\/10\/only-logo-96x96.png","contentUrl":"https:\/\/www.eikholt.no\/app\/uploads\/2023\/10\/only-logo-96x96.png","caption":"eikholt"},"url":"https:\/\/www.eikholt.no\/da\/artikler\/author\/eikholt\/"}]}},"_links":{"self":[{"href":"https:\/\/www.eikholt.no\/da\/wp-json\/wp\/v2\/posts\/1335","targetHints":{"allow":["GET"]}}],"collection":[{"href":"https:\/\/www.eikholt.no\/da\/wp-json\/wp\/v2\/posts"}],"about":[{"href":"https:\/\/www.eikholt.no\/da\/wp-json\/wp\/v2\/types\/post"}],"author":[{"embeddable":true,"href":"https:\/\/www.eikholt.no\/da\/wp-json\/wp\/v2\/users\/2"}],"replies":[{"embeddable":true,"href":"https:\/\/www.eikholt.no\/da\/wp-json\/wp\/v2\/comments?post=1335"}],"version-history":[{"count":2,"href":"https:\/\/www.eikholt.no\/da\/wp-json\/wp\/v2\/posts\/1335\/revisions"}],"predecessor-version":[{"id":1339,"href":"https:\/\/www.eikholt.no\/da\/wp-json\/wp\/v2\/posts\/1335\/revisions\/1339"}],"wp:attachment":[{"href":"https:\/\/www.eikholt.no\/da\/wp-json\/wp\/v2\/media?parent=1335"}],"wp:term":[{"taxonomy":"category","embeddable":true,"href":"https:\/\/www.eikholt.no\/da\/wp-json\/wp\/v2\/categories?post=1335"},{"taxonomy":"post_tag","embeddable":true,"href":"https:\/\/www.eikholt.no\/da\/wp-json\/wp\/v2\/tags?post=1335"}],"curies":[{"name":"wp","href":"https:\/\/api.w.org\/{rel}","templated":true}]}}