{"id":1398,"date":"2021-06-18T13:11:00","date_gmt":"2021-06-18T13:11:00","guid":{"rendered":"https:\/\/www.eikholt.no\/?p=1398"},"modified":"2026-01-07T11:31:27","modified_gmt":"2026-01-07T11:31:27","slug":"eikholt-modellen-er-lanceret","status":"publish","type":"post","link":"https:\/\/www.eikholt.no\/da\/artikler\/eikholt-modellen-er-lanceret\/","title":{"rendered":"Eikholt-modellen er lanceret"},"content":{"rendered":"<h2 class=\"wp-block-heading\"><strong>Hvorfor en Eikholt-model?<\/strong><\/h2>\n\n\n\n<p>Brugerunders\u00f8gelser, evalueringer efter kurser og medarbejderunders\u00f8gelser har beskrevet, at <em>der er noget positivt i Eikholt's v\u00e6gge, som helt sikkert kan videreudvikles<\/em>. For at f\u00e5 fat i denne&nbsp;<em>noget<\/em> blev arbejdet med at beskrive vores praksis sat i gang. Form\u00e5let er at visualisere, bevidstg\u00f8re og tage vare p\u00e5 det, der er godt, for at kunne videreudvikle det til noget endnu bedre. Det er det, der nu er blevet til Eikholt-modellen.<\/p>\n\n\n<div class=\"wp-block-image\">\n<figure class=\"alignleft size-large\"><img loading=\"lazy\" decoding=\"async\" width=\"1024\" height=\"768\" src=\"https:\/\/www.eikholt.no\/app\/uploads\/2023\/06\/Rolf-Lund-Ann-Britt-Johansson-og-Thomas-Overby-scaled-1-1024x768.jpg\" alt=\"\" class=\"wp-image-1399\" srcset=\"https:\/\/www.eikholt.no\/app\/uploads\/2023\/06\/Rolf-Lund-Ann-Britt-Johansson-og-Thomas-Overby-scaled-1-1024x768.jpg 1024w, https:\/\/www.eikholt.no\/app\/uploads\/2023\/06\/Rolf-Lund-Ann-Britt-Johansson-og-Thomas-Overby-scaled-1-300x225.jpg 300w, https:\/\/www.eikholt.no\/app\/uploads\/2023\/06\/Rolf-Lund-Ann-Britt-Johansson-og-Thomas-Overby-scaled-1-768x576.jpg 768w, https:\/\/www.eikholt.no\/app\/uploads\/2023\/06\/Rolf-Lund-Ann-Britt-Johansson-og-Thomas-Overby-scaled-1-1536x1152.jpg 1536w, https:\/\/www.eikholt.no\/app\/uploads\/2023\/06\/Rolf-Lund-Ann-Britt-Johansson-og-Thomas-Overby-scaled-1-2048x1536.jpg 2048w\" sizes=\"auto, (max-width: 1024px) 100vw, 1024px\" \/><\/figure><\/div>\n\n\n<p>Billedtekst: Rolf Lund, Ann-Britt Johansson og Thomas \u00d8verby er ude i g\u00e5rden p\u00e5 Eikholt og viser resultaterne af deres arbejde med Eikholt-modellen. Det er beskrevet i b\u00e5de en teknisk rapport og en brochure.<\/p>\n\n\n\n<h2 class=\"wp-block-heading\"><strong>Hvad er Eikholt-modellen?<\/strong><\/h2>\n\n\n\n<p>Eikholt-modellen er en model og en teoretisk beskrivelse af, hvordan opf\u00f8lgningen af mennesker med kombineret syns- og h\u00f8reneds\u00e6ttelse anskues ud fra et livscyklusperspektiv. Den beskriver vores praksis, hvorfor vi g\u00f8r, som vi g\u00f8r, og hvad vi \u00f8nsker at v\u00e6re for brugerne og deres p\u00e5r\u00f8rende. Den er blevet til p\u00e5 baggrund af brugerunders\u00f8gelser, der gav os indsigt i, hvad brugerne s\u00e6tter pris p\u00e5 ved Eikholt.<\/p>\n\n\n\n<h3 class=\"wp-block-heading\"><strong>Vi ser hver bruger som unik<\/strong><\/h3>\n\n\n\n<p>Vi l\u00e6gger stor v\u00e6gt p\u00e5 at skabe en levende arena for alle, der bruger Eikholt. Mange giver udtryk for, at de har stor gavn af at m\u00f8de andre i samme situation. Udveksling af erfaringer og samv\u00e6r med andre med brugererfaring er en v\u00e6rdi i sig selv. Et tilbud p\u00e5 Eikholt giver mulighed for mestring, mening, f\u00e6llesskab, udvikling og \u00f8get livskvalitet.<\/p>\n\n\n\n<h3 class=\"wp-block-heading\"><strong>Vi lytter til og tager vores brugere alvorligt<\/strong><\/h3>\n\n\n\n<p>I Eikholt-modellen har vi valgt ikke at skelne mellem medf\u00f8dte og erhvervede \u00e5rsager til kombineret syns- og h\u00f8reneds\u00e6ttelse\/d\u00f8vblindhed. Eikholt har af principielle grunde valgt at se p\u00e5 individuelle forskelle i stedet for at opdele gruppen i disse to hovedgrupper.<\/p>\n\n\n\n<h3 class=\"wp-block-heading\"><strong>Vi skaber en arena for l\u00e6ring og<\/strong><br><strong>beherskelse<\/strong><\/h3>\n\n\n\n<p>Man m\u00f8der brugerne, hvor de er, lytter til dem og tager dem alvorligt ved at give dem mulighed for at p\u00e5virke beslutninger, der p\u00e5virker dem.<\/p>\n\n\n\n<figure class=\"wp-block-image size-large\"><img loading=\"lazy\" decoding=\"async\" width=\"1024\" height=\"502\" src=\"https:\/\/www.eikholt.no\/app\/uploads\/2023\/06\/Eikholt-er-skapt-for-brukerne-1024x502.jpg\" alt=\"\" class=\"wp-image-1400\" srcset=\"https:\/\/www.eikholt.no\/app\/uploads\/2023\/06\/Eikholt-er-skapt-for-brukerne-1024x502.jpg 1024w, https:\/\/www.eikholt.no\/app\/uploads\/2023\/06\/Eikholt-er-skapt-for-brukerne-300x147.jpg 300w, https:\/\/www.eikholt.no\/app\/uploads\/2023\/06\/Eikholt-er-skapt-for-brukerne-768x377.jpg 768w, https:\/\/www.eikholt.no\/app\/uploads\/2023\/06\/Eikholt-er-skapt-for-brukerne.jpg 1154w\" sizes=\"auto, (max-width: 1024px) 100vw, 1024px\" \/><\/figure>\n\n\n\n<p><em>Rehabilitering er baseret p\u00e5 et partnerskab mellem brugeren, plejepersonalet og de professionelle.<\/em><\/p>\n\n\n\n<h2 class=\"wp-block-heading\"><strong>Hvordan kan jeg f\u00e5 mere at vide om Eikholt-modellen?<\/strong><\/h2>\n\n\n\n<p>Den 26. august arrangerer Eikholt en digital konference om rehabilitering og Eikholt-modellen. Det er en gratis konference. Du kan l\u00e6se mere om konferencen og om, hvordan du deltager, ved at klikke p\u00e5 <a href=\"https:\/\/www.eikholt.no\/da\/kursus\/\">her<\/a><\/p>\n\n\n\n<h2 class=\"wp-block-heading\">L\u00e6s mere om Eikholt-modellen<\/h2>\n\n\n\n<p>Hvis du vil l\u00e6se den tekniske rapport om Eikholt-modellen, kan den downloades og l\u00e6ses. <a href=\"https:\/\/www.eikholt.no\/da\/app\/uploads\/2023\/06\/eikholt-rapport-nr-01_20-eikholtmodellen-pdf\/\"><strong>her\u00a0<\/strong><\/a><\/p>\n\n\n\n<p>Hvis du vil l\u00e6se brochuren om Eikholt-modellen, kan du downloade og l\u00e6se den her<strong> <a href=\"https:\/\/www.eikholt.no\/da\/app\/uploads\/2023\/06\/eikholtmodellen-kort-version-pdf\/\">her<\/a><\/strong><\/p>\n\n\n\n<h2 class=\"wp-block-heading\">Kom i kontakt med os!<\/h2>\n\n\n\n<p>Hvis du gerne vil have rapporten eller brochuren tilsendt, kan du kontakte os p\u00e5 <a href=\"mailto:post@eikholt.no\">post@eikholt.no<\/a> eller p\u00e5 mobil 456 14 404<\/p>\n\n\n\n<p>Opdateret 07.02.2026<\/p>","protected":false},"excerpt":{"rendered":"<p>Eikholt har eksisteret i mere end 40 \u00e5r og har v\u00e6ret i l\u00f8bende udvikling i takt med samfundet generelt. Vi har nu lanceret vores egen Eikholt-model, som beskriver vores praksis, hvorfor vi g\u00f8r, som vi g\u00f8r, og hvad vi \u00f8nsker at v\u00e6re for brugerne og deres p\u00e5r\u00f8rende. Det er et arbejde, som alle Eikholt-medarbejdere har deltaget i, godt ledet af Rolf Lund, Ann-Britt Johansson og Thomas \u00d8verby. Vi er meget stolte af at kunne pr\u00e6sentere dette arbejde, som understreger Eikholt's v\u00e6rdier Sikker - Kompetent - Kreativ, indrammer vores rehabiliteringsperspektiv og ikke mindst, at dette arbejde er baseret p\u00e5 brugernes feedback.<\/p>","protected":false},"author":2,"featured_media":1399,"comment_status":"closed","ping_status":"closed","sticky":false,"template":"","format":"standard","meta":{"_acf_changed":false,"inline_featured_image":false,"ep_exclude_from_search":false,"footnotes":""},"categories":[11],"tags":[86],"class_list":["post-1398","post","type-post","status-publish","format-standard","has-post-thumbnail","hentry","category-fagstoff","tag-eikholt-modellen"],"acf":[],"yoast_head":"<!-- This site is optimized with the Yoast SEO plugin v25.8 - https:\/\/yoast.com\/wordpress\/plugins\/seo\/ -->\n<title>Eikholt-modellen lanseres - Eikholt<\/title>\n<meta name=\"description\" content=\"Les om Eikholt-modellen som beskriver hvordan oppf\u00f8lging av personer med kombinert nedsatt syns- og h\u00f8rselsfunksjon ses i et livsl\u00f8psperspektiv.\" \/>\n<meta name=\"robots\" content=\"index, follow, max-snippet:-1, max-image-preview:large, max-video-preview:-1\" \/>\n<link rel=\"canonical\" href=\"https:\/\/www.eikholt.no\/da\/artikler\/eikholt-modellen-er-lanceret\/\" \/>\n<meta property=\"og:locale\" content=\"da_DK\" \/>\n<meta property=\"og:type\" content=\"article\" \/>\n<meta property=\"og:title\" content=\"Eikholt-modellen lanseres - Eikholt\" \/>\n<meta property=\"og:description\" content=\"Les om Eikholt-modellen som beskriver hvordan oppf\u00f8lging av personer med kombinert nedsatt syns- og h\u00f8rselsfunksjon ses i et livsl\u00f8psperspektiv.\" \/>\n<meta property=\"og:url\" content=\"https:\/\/www.eikholt.no\/da\/artikler\/eikholt-modellen-er-lanceret\/\" \/>\n<meta property=\"og:site_name\" content=\"Eikholt\" \/>\n<meta property=\"article:publisher\" content=\"https:\/\/www.facebook.com\/eikholt.kompetansesenter\" \/>\n<meta property=\"article:published_time\" content=\"2021-06-18T13:11:00+00:00\" \/>\n<meta property=\"article:modified_time\" content=\"2026-01-07T11:31:27+00:00\" \/>\n<meta property=\"og:image\" content=\"https:\/\/www.eikholt.no\/app\/uploads\/2023\/06\/Rolf-Lund-Ann-Britt-Johansson-og-Thomas-Overby-scaled-1.jpg\" \/>\n\t<meta property=\"og:image:width\" content=\"2560\" \/>\n\t<meta property=\"og:image:height\" content=\"1920\" \/>\n\t<meta property=\"og:image:type\" content=\"image\/jpeg\" \/>\n<meta name=\"author\" content=\"eikholt\" \/>\n<meta name=\"twitter:card\" content=\"summary_large_image\" \/>\n<meta name=\"twitter:label1\" content=\"Written by\" \/>\n\t<meta name=\"twitter:data1\" content=\"eikholt\" \/>\n\t<meta name=\"twitter:label2\" content=\"Est. reading time\" \/>\n\t<meta name=\"twitter:data2\" content=\"3 minutes\" \/>\n<script type=\"application\/ld+json\" class=\"yoast-schema-graph\">{\"@context\":\"https:\/\/schema.org\",\"@graph\":[{\"@type\":\"Article\",\"@id\":\"https:\/\/www.eikholt.no\/artikler\/eikholt-modellen-lanseres\/#article\",\"isPartOf\":{\"@id\":\"https:\/\/www.eikholt.no\/artikler\/eikholt-modellen-lanseres\/\"},\"author\":{\"name\":\"eikholt\",\"@id\":\"https:\/\/www.eikholt.no\/#\/schema\/person\/823978105d8e2ddceb0963ff9eb0b816\"},\"headline\":\"Eikholt-modellen lanseres\",\"datePublished\":\"2021-06-18T13:11:00+00:00\",\"dateModified\":\"2026-01-07T11:31:27+00:00\",\"mainEntityOfPage\":{\"@id\":\"https:\/\/www.eikholt.no\/artikler\/eikholt-modellen-lanseres\/\"},\"wordCount\":435,\"publisher\":{\"@id\":\"https:\/\/www.eikholt.no\/#organization\"},\"image\":{\"@id\":\"https:\/\/www.eikholt.no\/artikler\/eikholt-modellen-lanseres\/#primaryimage\"},\"thumbnailUrl\":\"https:\/\/www.eikholt.no\/app\/uploads\/2023\/06\/Rolf-Lund-Ann-Britt-Johansson-og-Thomas-Overby-scaled-1.jpg\",\"keywords\":[\"Eikholt-modellen\"],\"articleSection\":[\"Fagstoff\"],\"inLanguage\":\"da-DK\"},{\"@type\":\"WebPage\",\"@id\":\"https:\/\/www.eikholt.no\/artikler\/eikholt-modellen-lanseres\/\",\"url\":\"https:\/\/www.eikholt.no\/artikler\/eikholt-modellen-lanseres\/\",\"name\":\"Eikholt-modellen lanseres - Eikholt\",\"isPartOf\":{\"@id\":\"https:\/\/www.eikholt.no\/#website\"},\"primaryImageOfPage\":{\"@id\":\"https:\/\/www.eikholt.no\/artikler\/eikholt-modellen-lanseres\/#primaryimage\"},\"image\":{\"@id\":\"https:\/\/www.eikholt.no\/artikler\/eikholt-modellen-lanseres\/#primaryimage\"},\"thumbnailUrl\":\"https:\/\/www.eikholt.no\/app\/uploads\/2023\/06\/Rolf-Lund-Ann-Britt-Johansson-og-Thomas-Overby-scaled-1.jpg\",\"datePublished\":\"2021-06-18T13:11:00+00:00\",\"dateModified\":\"2026-01-07T11:31:27+00:00\",\"description\":\"Les om Eikholt-modellen som beskriver hvordan oppf\u00f8lging av personer med kombinert nedsatt syns- og h\u00f8rselsfunksjon ses i et livsl\u00f8psperspektiv.\",\"breadcrumb\":{\"@id\":\"https:\/\/www.eikholt.no\/artikler\/eikholt-modellen-lanseres\/#breadcrumb\"},\"inLanguage\":\"da-DK\",\"potentialAction\":[{\"@type\":\"ReadAction\",\"target\":[\"https:\/\/www.eikholt.no\/artikler\/eikholt-modellen-lanseres\/\"]}]},{\"@type\":\"ImageObject\",\"inLanguage\":\"da-DK\",\"@id\":\"https:\/\/www.eikholt.no\/artikler\/eikholt-modellen-lanseres\/#primaryimage\",\"url\":\"https:\/\/www.eikholt.no\/app\/uploads\/2023\/06\/Rolf-Lund-Ann-Britt-Johansson-og-Thomas-Overby-scaled-1.jpg\",\"contentUrl\":\"https:\/\/www.eikholt.no\/app\/uploads\/2023\/06\/Rolf-Lund-Ann-Britt-Johansson-og-Thomas-Overby-scaled-1.jpg\",\"width\":2560,\"height\":1920,\"caption\":\"Rolf-Lund-Ann-Britt-Johansson-og-Thomas \u00d8verby st\u00e5r ute ved en mur. I h\u00e5nden holder Thomas en rapport.\"},{\"@type\":\"BreadcrumbList\",\"@id\":\"https:\/\/www.eikholt.no\/artikler\/eikholt-modellen-lanseres\/#breadcrumb\",\"itemListElement\":[{\"@type\":\"ListItem\",\"position\":1,\"name\":\"Forside\",\"item\":\"https:\/\/www.eikholt.no\/\"},{\"@type\":\"ListItem\",\"position\":2,\"name\":\"Eikholt-modellen lanseres\"}]},{\"@type\":\"WebSite\",\"@id\":\"https:\/\/www.eikholt.no\/#website\",\"url\":\"https:\/\/www.eikholt.no\/\",\"name\":\"Eikholt\",\"description\":\"\",\"publisher\":{\"@id\":\"https:\/\/www.eikholt.no\/#organization\"},\"potentialAction\":[{\"@type\":\"SearchAction\",\"target\":{\"@type\":\"EntryPoint\",\"urlTemplate\":\"https:\/\/www.eikholt.no\/?s={search_term_string}\"},\"query-input\":{\"@type\":\"PropertyValueSpecification\",\"valueRequired\":true,\"valueName\":\"search_term_string\"}}],\"inLanguage\":\"da-DK\"},{\"@type\":\"Organization\",\"@id\":\"https:\/\/www.eikholt.no\/#organization\",\"name\":\"Eikholt\",\"url\":\"https:\/\/www.eikholt.no\/\",\"logo\":{\"@type\":\"ImageObject\",\"inLanguage\":\"da-DK\",\"@id\":\"https:\/\/www.eikholt.no\/#\/schema\/logo\/image\/\",\"url\":\"https:\/\/www.eikholt.no\/app\/uploads\/2024\/04\/cropped-Logo-Eikholt-ny.jpg\",\"contentUrl\":\"https:\/\/www.eikholt.no\/app\/uploads\/2024\/04\/cropped-Logo-Eikholt-ny.jpg\",\"width\":419,\"height\":209,\"caption\":\"Eikholt\"},\"image\":{\"@id\":\"https:\/\/www.eikholt.no\/#\/schema\/logo\/image\/\"},\"sameAs\":[\"https:\/\/www.facebook.com\/eikholt.kompetansesenter\"]},{\"@type\":\"Person\",\"@id\":\"https:\/\/www.eikholt.no\/#\/schema\/person\/823978105d8e2ddceb0963ff9eb0b816\",\"name\":\"eikholt\",\"image\":{\"@type\":\"ImageObject\",\"inLanguage\":\"da-DK\",\"@id\":\"https:\/\/www.eikholt.no\/#\/schema\/person\/image\/\",\"url\":\"https:\/\/www.eikholt.no\/app\/uploads\/2023\/10\/only-logo-96x96.png\",\"contentUrl\":\"https:\/\/www.eikholt.no\/app\/uploads\/2023\/10\/only-logo-96x96.png\",\"caption\":\"eikholt\"},\"url\":\"https:\/\/www.eikholt.no\/da\/artikler\/author\/eikholt\/\"}]}<\/script>\n<!-- \/ Yoast SEO plugin. -->","yoast_head_json":{"title":"Eikholt-modellen er lanceret - Eikholt","description":"L\u00e6s om Eikholt-modellen, som beskriver, hvordan opf\u00f8lgningen af mennesker med kombineret syns- og h\u00f8reneds\u00e6ttelse anskues ud fra et livscyklusperspektiv.","robots":{"index":"index","follow":"follow","max-snippet":"max-snippet:-1","max-image-preview":"max-image-preview:large","max-video-preview":"max-video-preview:-1"},"canonical":"https:\/\/www.eikholt.no\/da\/artikler\/eikholt-modellen-er-lanceret\/","og_locale":"da_DK","og_type":"article","og_title":"Eikholt-modellen lanseres - Eikholt","og_description":"Les om Eikholt-modellen som beskriver hvordan oppf\u00f8lging av personer med kombinert nedsatt syns- og h\u00f8rselsfunksjon ses i et livsl\u00f8psperspektiv.","og_url":"https:\/\/www.eikholt.no\/da\/artikler\/eikholt-modellen-er-lanceret\/","og_site_name":"Eikholt","article_publisher":"https:\/\/www.facebook.com\/eikholt.kompetansesenter","article_published_time":"2021-06-18T13:11:00+00:00","article_modified_time":"2026-01-07T11:31:27+00:00","og_image":[{"width":2560,"height":1920,"url":"https:\/\/www.eikholt.no\/app\/uploads\/2023\/06\/Rolf-Lund-Ann-Britt-Johansson-og-Thomas-Overby-scaled-1.jpg","type":"image\/jpeg"}],"author":"eikholt","twitter_card":"summary_large_image","twitter_misc":{"Written by":"eikholt","Est. reading time":"3 minutes"},"schema":{"@context":"https:\/\/schema.org","@graph":[{"@type":"Article","@id":"https:\/\/www.eikholt.no\/artikler\/eikholt-modellen-lanseres\/#article","isPartOf":{"@id":"https:\/\/www.eikholt.no\/artikler\/eikholt-modellen-lanseres\/"},"author":{"name":"eikholt","@id":"https:\/\/www.eikholt.no\/#\/schema\/person\/823978105d8e2ddceb0963ff9eb0b816"},"headline":"Eikholt-modellen lanseres","datePublished":"2021-06-18T13:11:00+00:00","dateModified":"2026-01-07T11:31:27+00:00","mainEntityOfPage":{"@id":"https:\/\/www.eikholt.no\/artikler\/eikholt-modellen-lanseres\/"},"wordCount":435,"publisher":{"@id":"https:\/\/www.eikholt.no\/#organization"},"image":{"@id":"https:\/\/www.eikholt.no\/artikler\/eikholt-modellen-lanseres\/#primaryimage"},"thumbnailUrl":"https:\/\/www.eikholt.no\/app\/uploads\/2023\/06\/Rolf-Lund-Ann-Britt-Johansson-og-Thomas-Overby-scaled-1.jpg","keywords":["Eikholt-modellen"],"articleSection":["Fagstoff"],"inLanguage":"da-DK"},{"@type":"WebPage","@id":"https:\/\/www.eikholt.no\/artikler\/eikholt-modellen-lanseres\/","url":"https:\/\/www.eikholt.no\/artikler\/eikholt-modellen-lanseres\/","name":"Eikholt-modellen er lanceret - Eikholt","isPartOf":{"@id":"https:\/\/www.eikholt.no\/#website"},"primaryImageOfPage":{"@id":"https:\/\/www.eikholt.no\/artikler\/eikholt-modellen-lanseres\/#primaryimage"},"image":{"@id":"https:\/\/www.eikholt.no\/artikler\/eikholt-modellen-lanseres\/#primaryimage"},"thumbnailUrl":"https:\/\/www.eikholt.no\/app\/uploads\/2023\/06\/Rolf-Lund-Ann-Britt-Johansson-og-Thomas-Overby-scaled-1.jpg","datePublished":"2021-06-18T13:11:00+00:00","dateModified":"2026-01-07T11:31:27+00:00","description":"L\u00e6s om Eikholt-modellen, som beskriver, hvordan opf\u00f8lgningen af mennesker med kombineret syns- og h\u00f8reneds\u00e6ttelse anskues ud fra et livscyklusperspektiv.","breadcrumb":{"@id":"https:\/\/www.eikholt.no\/artikler\/eikholt-modellen-lanseres\/#breadcrumb"},"inLanguage":"da-DK","potentialAction":[{"@type":"ReadAction","target":["https:\/\/www.eikholt.no\/artikler\/eikholt-modellen-lanseres\/"]}]},{"@type":"ImageObject","inLanguage":"da-DK","@id":"https:\/\/www.eikholt.no\/artikler\/eikholt-modellen-lanseres\/#primaryimage","url":"https:\/\/www.eikholt.no\/app\/uploads\/2023\/06\/Rolf-Lund-Ann-Britt-Johansson-og-Thomas-Overby-scaled-1.jpg","contentUrl":"https:\/\/www.eikholt.no\/app\/uploads\/2023\/06\/Rolf-Lund-Ann-Britt-Johansson-og-Thomas-Overby-scaled-1.jpg","width":2560,"height":1920,"caption":"Rolf-Lund-Ann-Britt-Johansson-og-Thomas \u00d8verby st\u00e5r ute ved en mur. I h\u00e5nden holder Thomas en rapport."},{"@type":"BreadcrumbList","@id":"https:\/\/www.eikholt.no\/artikler\/eikholt-modellen-lanseres\/#breadcrumb","itemListElement":[{"@type":"ListItem","position":1,"name":"Forside","item":"https:\/\/www.eikholt.no\/"},{"@type":"ListItem","position":2,"name":"Eikholt-modellen lanseres"}]},{"@type":"WebSite","@id":"https:\/\/www.eikholt.no\/#website","url":"https:\/\/www.eikholt.no\/","name":"Eikholt","description":"","publisher":{"@id":"https:\/\/www.eikholt.no\/#organization"},"potentialAction":[{"@type":"SearchAction","target":{"@type":"EntryPoint","urlTemplate":"https:\/\/www.eikholt.no\/?s={search_term_string}"},"query-input":{"@type":"PropertyValueSpecification","valueRequired":true,"valueName":"search_term_string"}}],"inLanguage":"da-DK"},{"@type":"Organization","@id":"https:\/\/www.eikholt.no\/#organization","name":"Eikholt","url":"https:\/\/www.eikholt.no\/","logo":{"@type":"ImageObject","inLanguage":"da-DK","@id":"https:\/\/www.eikholt.no\/#\/schema\/logo\/image\/","url":"https:\/\/www.eikholt.no\/app\/uploads\/2024\/04\/cropped-Logo-Eikholt-ny.jpg","contentUrl":"https:\/\/www.eikholt.no\/app\/uploads\/2024\/04\/cropped-Logo-Eikholt-ny.jpg","width":419,"height":209,"caption":"Eikholt"},"image":{"@id":"https:\/\/www.eikholt.no\/#\/schema\/logo\/image\/"},"sameAs":["https:\/\/www.facebook.com\/eikholt.kompetansesenter"]},{"@type":"Person","@id":"https:\/\/www.eikholt.no\/#\/schema\/person\/823978105d8e2ddceb0963ff9eb0b816","name":"Egelund","image":{"@type":"ImageObject","inLanguage":"da-DK","@id":"https:\/\/www.eikholt.no\/#\/schema\/person\/image\/","url":"https:\/\/www.eikholt.no\/app\/uploads\/2023\/10\/only-logo-96x96.png","contentUrl":"https:\/\/www.eikholt.no\/app\/uploads\/2023\/10\/only-logo-96x96.png","caption":"eikholt"},"url":"https:\/\/www.eikholt.no\/da\/artikler\/author\/eikholt\/"}]}},"_links":{"self":[{"href":"https:\/\/www.eikholt.no\/da\/wp-json\/wp\/v2\/posts\/1398","targetHints":{"allow":["GET"]}}],"collection":[{"href":"https:\/\/www.eikholt.no\/da\/wp-json\/wp\/v2\/posts"}],"about":[{"href":"https:\/\/www.eikholt.no\/da\/wp-json\/wp\/v2\/types\/post"}],"author":[{"embeddable":true,"href":"https:\/\/www.eikholt.no\/da\/wp-json\/wp\/v2\/users\/2"}],"replies":[{"embeddable":true,"href":"https:\/\/www.eikholt.no\/da\/wp-json\/wp\/v2\/comments?post=1398"}],"version-history":[{"count":3,"href":"https:\/\/www.eikholt.no\/da\/wp-json\/wp\/v2\/posts\/1398\/revisions"}],"predecessor-version":[{"id":5618,"href":"https:\/\/www.eikholt.no\/da\/wp-json\/wp\/v2\/posts\/1398\/revisions\/5618"}],"wp:featuredmedia":[{"embeddable":true,"href":"https:\/\/www.eikholt.no\/da\/wp-json\/wp\/v2\/media\/1399"}],"wp:attachment":[{"href":"https:\/\/www.eikholt.no\/da\/wp-json\/wp\/v2\/media?parent=1398"}],"wp:term":[{"taxonomy":"category","embeddable":true,"href":"https:\/\/www.eikholt.no\/da\/wp-json\/wp\/v2\/categories?post=1398"},{"taxonomy":"post_tag","embeddable":true,"href":"https:\/\/www.eikholt.no\/da\/wp-json\/wp\/v2\/tags?post=1398"}],"curies":[{"name":"wp","href":"https:\/\/api.w.org\/{rel}","templated":true}]}}