{"id":1429,"date":"2021-12-13T13:24:00","date_gmt":"2021-12-13T13:24:00","guid":{"rendered":"https:\/\/www.eikholt.no\/?p=1429"},"modified":"2023-06-23T13:26:09","modified_gmt":"2023-06-23T13:26:09","slug":"veronica-er-ny-driftsleder-pa-eikholt","status":"publish","type":"post","link":"https:\/\/www.eikholt.no\/da\/artikler\/veronica-er-ny-driftsleder-pa-eikholt\/","title":{"rendered":"Veronica er den nye Operations Manager hos Eikholt"},"content":{"rendered":"<p>Veronica er 46 \u00e5r og bor i Konnerud, s\u00e5 hun kender vores omr\u00e5de rigtig godt. Veronica kommer fra et langt og begivenhedsrigt arbejdsforhold p\u00e5 19 \u00e5r inden for drift og IKT\/implementering. Vi vil drage fordel af hendes erfaring i den videre udvikling af Eikholt.<\/p>\n\n\n\n<p>\"Eikholt er et fantastisk sted at v\u00e6re, og jeg kan ikke vente med at l\u00e6re jer alle sammen at kende!\"<\/p>","protected":false},"excerpt":{"rendered":"<p>Vi vil gerne byde velkommen til Veronica Samuelsen, vores nyudn\u00e6vnte Operations Manager. Hun er allerede i gang her p\u00e5 Eikholt, og tiden bliver nu i f\u00f8rste omgang brugt til at l\u00e6re alle mennesker i huset og vores organisation at kende. P\u00e5 sigt vil der ogs\u00e5 v\u00e6re mulighed for at hilse p\u00e5 alle, der kommer p\u00e5 bes\u00f8g i Eikholt.<\/p>","protected":false},"author":2,"featured_media":0,"comment_status":"closed","ping_status":"closed","sticky":false,"template":"","format":"standard","meta":{"_acf_changed":false,"inline_featured_image":false,"ep_exclude_from_search":false,"footnotes":""},"categories":[12],"tags":[],"class_list":["post-1429","post","type-post","status-publish","format-standard","hentry","category-nyheter"],"acf":[],"yoast_head":"<!-- This site is optimized with the Yoast SEO plugin v25.8 - https:\/\/yoast.com\/wordpress\/plugins\/seo\/ -->\n<title>Veronica er ny Driftssjef p\u00e5 Eikholt - Eikholt<\/title>\n<meta name=\"robots\" content=\"index, follow, max-snippet:-1, max-image-preview:large, max-video-preview:-1\" \/>\n<link rel=\"canonical\" href=\"https:\/\/www.eikholt.no\/da\/artikler\/veronica-er-ny-driftsleder-pa-eikholt\/\" \/>\n<meta property=\"og:locale\" content=\"da_DK\" \/>\n<meta property=\"og:type\" content=\"article\" \/>\n<meta property=\"og:title\" content=\"Veronica er ny Driftssjef p\u00e5 Eikholt - Eikholt\" \/>\n<meta property=\"og:description\" content=\"Vi \u00f8nsker Veronica Samuelsen, v\u00e5r nyansatte Driftssjef velkommen. Hun er allerede i gang her p\u00e5 Eikholt, og tiden brukes n\u00e5 i f\u00f8rste omgang til \u00e5 bli kjent med alle menneskene p\u00e5 huset og organisasjonen v\u00e5r. Etter hvert blir det ogs\u00e5 mulighet til \u00e5 hilse p\u00e5 alle som kommer p\u00e5 bes\u00f8k til Eikholt.\" \/>\n<meta property=\"og:url\" content=\"https:\/\/www.eikholt.no\/da\/artikler\/veronica-er-ny-driftsleder-pa-eikholt\/\" \/>\n<meta property=\"og:site_name\" content=\"Eikholt\" \/>\n<meta property=\"article:publisher\" content=\"https:\/\/www.facebook.com\/eikholt.kompetansesenter\" \/>\n<meta property=\"article:published_time\" content=\"2021-12-13T13:24:00+00:00\" \/>\n<meta property=\"article:modified_time\" content=\"2023-06-23T13:26:09+00:00\" \/>\n<meta name=\"author\" content=\"eikholt\" \/>\n<meta name=\"twitter:card\" content=\"summary_large_image\" \/>\n<meta name=\"twitter:label1\" content=\"Written by\" \/>\n\t<meta name=\"twitter:data1\" content=\"eikholt\" \/>\n<script type=\"application\/ld+json\" class=\"yoast-schema-graph\">{\"@context\":\"https:\/\/schema.org\",\"@graph\":[{\"@type\":\"Article\",\"@id\":\"https:\/\/www.eikholt.no\/artikler\/veronica-er-ny-driftssjef-pa-eikholt\/#article\",\"isPartOf\":{\"@id\":\"https:\/\/www.eikholt.no\/artikler\/veronica-er-ny-driftssjef-pa-eikholt\/\"},\"author\":{\"name\":\"eikholt\",\"@id\":\"https:\/\/www.eikholt.no\/#\/schema\/person\/823978105d8e2ddceb0963ff9eb0b816\"},\"headline\":\"Veronica er ny Driftssjef p\u00e5 Eikholt\",\"datePublished\":\"2021-12-13T13:24:00+00:00\",\"dateModified\":\"2023-06-23T13:26:09+00:00\",\"mainEntityOfPage\":{\"@id\":\"https:\/\/www.eikholt.no\/artikler\/veronica-er-ny-driftssjef-pa-eikholt\/\"},\"wordCount\":69,\"publisher\":{\"@id\":\"https:\/\/www.eikholt.no\/#organization\"},\"articleSection\":[\"Nyheter\"],\"inLanguage\":\"da-DK\"},{\"@type\":\"WebPage\",\"@id\":\"https:\/\/www.eikholt.no\/artikler\/veronica-er-ny-driftssjef-pa-eikholt\/\",\"url\":\"https:\/\/www.eikholt.no\/artikler\/veronica-er-ny-driftssjef-pa-eikholt\/\",\"name\":\"Veronica er ny Driftssjef p\u00e5 Eikholt - Eikholt\",\"isPartOf\":{\"@id\":\"https:\/\/www.eikholt.no\/#website\"},\"datePublished\":\"2021-12-13T13:24:00+00:00\",\"dateModified\":\"2023-06-23T13:26:09+00:00\",\"breadcrumb\":{\"@id\":\"https:\/\/www.eikholt.no\/artikler\/veronica-er-ny-driftssjef-pa-eikholt\/#breadcrumb\"},\"inLanguage\":\"da-DK\",\"potentialAction\":[{\"@type\":\"ReadAction\",\"target\":[\"https:\/\/www.eikholt.no\/artikler\/veronica-er-ny-driftssjef-pa-eikholt\/\"]}]},{\"@type\":\"BreadcrumbList\",\"@id\":\"https:\/\/www.eikholt.no\/artikler\/veronica-er-ny-driftssjef-pa-eikholt\/#breadcrumb\",\"itemListElement\":[{\"@type\":\"ListItem\",\"position\":1,\"name\":\"Forside\",\"item\":\"https:\/\/www.eikholt.no\/\"},{\"@type\":\"ListItem\",\"position\":2,\"name\":\"Veronica er ny Driftssjef p\u00e5 Eikholt\"}]},{\"@type\":\"WebSite\",\"@id\":\"https:\/\/www.eikholt.no\/#website\",\"url\":\"https:\/\/www.eikholt.no\/\",\"name\":\"Eikholt\",\"description\":\"\",\"publisher\":{\"@id\":\"https:\/\/www.eikholt.no\/#organization\"},\"potentialAction\":[{\"@type\":\"SearchAction\",\"target\":{\"@type\":\"EntryPoint\",\"urlTemplate\":\"https:\/\/www.eikholt.no\/?s={search_term_string}\"},\"query-input\":{\"@type\":\"PropertyValueSpecification\",\"valueRequired\":true,\"valueName\":\"search_term_string\"}}],\"inLanguage\":\"da-DK\"},{\"@type\":\"Organization\",\"@id\":\"https:\/\/www.eikholt.no\/#organization\",\"name\":\"Eikholt\",\"url\":\"https:\/\/www.eikholt.no\/\",\"logo\":{\"@type\":\"ImageObject\",\"inLanguage\":\"da-DK\",\"@id\":\"https:\/\/www.eikholt.no\/#\/schema\/logo\/image\/\",\"url\":\"https:\/\/www.eikholt.no\/app\/uploads\/2024\/04\/cropped-Logo-Eikholt-ny.jpg\",\"contentUrl\":\"https:\/\/www.eikholt.no\/app\/uploads\/2024\/04\/cropped-Logo-Eikholt-ny.jpg\",\"width\":419,\"height\":209,\"caption\":\"Eikholt\"},\"image\":{\"@id\":\"https:\/\/www.eikholt.no\/#\/schema\/logo\/image\/\"},\"sameAs\":[\"https:\/\/www.facebook.com\/eikholt.kompetansesenter\"]},{\"@type\":\"Person\",\"@id\":\"https:\/\/www.eikholt.no\/#\/schema\/person\/823978105d8e2ddceb0963ff9eb0b816\",\"name\":\"eikholt\",\"image\":{\"@type\":\"ImageObject\",\"inLanguage\":\"da-DK\",\"@id\":\"https:\/\/www.eikholt.no\/#\/schema\/person\/image\/\",\"url\":\"https:\/\/www.eikholt.no\/app\/uploads\/2023\/10\/only-logo-96x96.png\",\"contentUrl\":\"https:\/\/www.eikholt.no\/app\/uploads\/2023\/10\/only-logo-96x96.png\",\"caption\":\"eikholt\"},\"url\":\"https:\/\/www.eikholt.no\/da\/artikler\/author\/eikholt\/\"}]}<\/script>\n<!-- \/ Yoast SEO plugin. -->","yoast_head_json":{"title":"Veronica er den nye driftsleder hos Eikholt - Eikholt","robots":{"index":"index","follow":"follow","max-snippet":"max-snippet:-1","max-image-preview":"max-image-preview:large","max-video-preview":"max-video-preview:-1"},"canonical":"https:\/\/www.eikholt.no\/da\/artikler\/veronica-er-ny-driftsleder-pa-eikholt\/","og_locale":"da_DK","og_type":"article","og_title":"Veronica er ny Driftssjef p\u00e5 Eikholt - Eikholt","og_description":"Vi \u00f8nsker Veronica Samuelsen, v\u00e5r nyansatte Driftssjef velkommen. Hun er allerede i gang her p\u00e5 Eikholt, og tiden brukes n\u00e5 i f\u00f8rste omgang til \u00e5 bli kjent med alle menneskene p\u00e5 huset og organisasjonen v\u00e5r. Etter hvert blir det ogs\u00e5 mulighet til \u00e5 hilse p\u00e5 alle som kommer p\u00e5 bes\u00f8k til Eikholt.","og_url":"https:\/\/www.eikholt.no\/da\/artikler\/veronica-er-ny-driftsleder-pa-eikholt\/","og_site_name":"Eikholt","article_publisher":"https:\/\/www.facebook.com\/eikholt.kompetansesenter","article_published_time":"2021-12-13T13:24:00+00:00","article_modified_time":"2023-06-23T13:26:09+00:00","author":"eikholt","twitter_card":"summary_large_image","twitter_misc":{"Written by":"eikholt"},"schema":{"@context":"https:\/\/schema.org","@graph":[{"@type":"Article","@id":"https:\/\/www.eikholt.no\/artikler\/veronica-er-ny-driftssjef-pa-eikholt\/#article","isPartOf":{"@id":"https:\/\/www.eikholt.no\/artikler\/veronica-er-ny-driftssjef-pa-eikholt\/"},"author":{"name":"eikholt","@id":"https:\/\/www.eikholt.no\/#\/schema\/person\/823978105d8e2ddceb0963ff9eb0b816"},"headline":"Veronica er ny Driftssjef p\u00e5 Eikholt","datePublished":"2021-12-13T13:24:00+00:00","dateModified":"2023-06-23T13:26:09+00:00","mainEntityOfPage":{"@id":"https:\/\/www.eikholt.no\/artikler\/veronica-er-ny-driftssjef-pa-eikholt\/"},"wordCount":69,"publisher":{"@id":"https:\/\/www.eikholt.no\/#organization"},"articleSection":["Nyheter"],"inLanguage":"da-DK"},{"@type":"WebPage","@id":"https:\/\/www.eikholt.no\/artikler\/veronica-er-ny-driftssjef-pa-eikholt\/","url":"https:\/\/www.eikholt.no\/artikler\/veronica-er-ny-driftssjef-pa-eikholt\/","name":"Veronica er den nye driftsleder hos Eikholt - Eikholt","isPartOf":{"@id":"https:\/\/www.eikholt.no\/#website"},"datePublished":"2021-12-13T13:24:00+00:00","dateModified":"2023-06-23T13:26:09+00:00","breadcrumb":{"@id":"https:\/\/www.eikholt.no\/artikler\/veronica-er-ny-driftssjef-pa-eikholt\/#breadcrumb"},"inLanguage":"da-DK","potentialAction":[{"@type":"ReadAction","target":["https:\/\/www.eikholt.no\/artikler\/veronica-er-ny-driftssjef-pa-eikholt\/"]}]},{"@type":"BreadcrumbList","@id":"https:\/\/www.eikholt.no\/artikler\/veronica-er-ny-driftssjef-pa-eikholt\/#breadcrumb","itemListElement":[{"@type":"ListItem","position":1,"name":"Forside","item":"https:\/\/www.eikholt.no\/"},{"@type":"ListItem","position":2,"name":"Veronica er ny Driftssjef p\u00e5 Eikholt"}]},{"@type":"WebSite","@id":"https:\/\/www.eikholt.no\/#website","url":"https:\/\/www.eikholt.no\/","name":"Eikholt","description":"","publisher":{"@id":"https:\/\/www.eikholt.no\/#organization"},"potentialAction":[{"@type":"SearchAction","target":{"@type":"EntryPoint","urlTemplate":"https:\/\/www.eikholt.no\/?s={search_term_string}"},"query-input":{"@type":"PropertyValueSpecification","valueRequired":true,"valueName":"search_term_string"}}],"inLanguage":"da-DK"},{"@type":"Organization","@id":"https:\/\/www.eikholt.no\/#organization","name":"Eikholt","url":"https:\/\/www.eikholt.no\/","logo":{"@type":"ImageObject","inLanguage":"da-DK","@id":"https:\/\/www.eikholt.no\/#\/schema\/logo\/image\/","url":"https:\/\/www.eikholt.no\/app\/uploads\/2024\/04\/cropped-Logo-Eikholt-ny.jpg","contentUrl":"https:\/\/www.eikholt.no\/app\/uploads\/2024\/04\/cropped-Logo-Eikholt-ny.jpg","width":419,"height":209,"caption":"Eikholt"},"image":{"@id":"https:\/\/www.eikholt.no\/#\/schema\/logo\/image\/"},"sameAs":["https:\/\/www.facebook.com\/eikholt.kompetansesenter"]},{"@type":"Person","@id":"https:\/\/www.eikholt.no\/#\/schema\/person\/823978105d8e2ddceb0963ff9eb0b816","name":"Egelund","image":{"@type":"ImageObject","inLanguage":"da-DK","@id":"https:\/\/www.eikholt.no\/#\/schema\/person\/image\/","url":"https:\/\/www.eikholt.no\/app\/uploads\/2023\/10\/only-logo-96x96.png","contentUrl":"https:\/\/www.eikholt.no\/app\/uploads\/2023\/10\/only-logo-96x96.png","caption":"eikholt"},"url":"https:\/\/www.eikholt.no\/da\/artikler\/author\/eikholt\/"}]}},"_links":{"self":[{"href":"https:\/\/www.eikholt.no\/da\/wp-json\/wp\/v2\/posts\/1429","targetHints":{"allow":["GET"]}}],"collection":[{"href":"https:\/\/www.eikholt.no\/da\/wp-json\/wp\/v2\/posts"}],"about":[{"href":"https:\/\/www.eikholt.no\/da\/wp-json\/wp\/v2\/types\/post"}],"author":[{"embeddable":true,"href":"https:\/\/www.eikholt.no\/da\/wp-json\/wp\/v2\/users\/2"}],"replies":[{"embeddable":true,"href":"https:\/\/www.eikholt.no\/da\/wp-json\/wp\/v2\/comments?post=1429"}],"version-history":[{"count":4,"href":"https:\/\/www.eikholt.no\/da\/wp-json\/wp\/v2\/posts\/1429\/revisions"}],"predecessor-version":[{"id":1434,"href":"https:\/\/www.eikholt.no\/da\/wp-json\/wp\/v2\/posts\/1429\/revisions\/1434"}],"wp:attachment":[{"href":"https:\/\/www.eikholt.no\/da\/wp-json\/wp\/v2\/media?parent=1429"}],"wp:term":[{"taxonomy":"category","embeddable":true,"href":"https:\/\/www.eikholt.no\/da\/wp-json\/wp\/v2\/categories?post=1429"},{"taxonomy":"post_tag","embeddable":true,"href":"https:\/\/www.eikholt.no\/da\/wp-json\/wp\/v2\/tags?post=1429"}],"curies":[{"name":"wp","href":"https:\/\/api.w.org\/{rel}","templated":true}]}}