{"id":1543,"date":"2022-12-21T14:21:00","date_gmt":"2022-12-21T14:21:00","guid":{"rendered":"https:\/\/www.eikholt.no\/?p=1543"},"modified":"2023-06-23T14:24:14","modified_gmt":"2023-06-23T14:24:14","slug":"min-historie-en-bog-der-giver-dovblinde-en-stemme","status":"publish","type":"post","link":"https:\/\/www.eikholt.no\/da\/artikler\/min-historie-en-bog-der-giver-dovblinde-en-stemme\/","title":{"rendered":"Min historie - en bog, der giver d\u00f8vblinde en stemme"},"content":{"rendered":"<p>Roy-Morten har gennemf\u00f8rt interviewene siden efter\u00e5ret 2017. De viser, at mennesker med syns- og h\u00f8rehandicap repr\u00e6senterer en mangfoldighed p\u00e5 linje med alle andre. Vi m\u00f8der mennesker i alle aldre og livssituationer, som fort\u00e6ller om deres liv. Portr\u00e6tterne giver os et unikt indblik i hverdagslivet, og hvordan det er at leve med b\u00e5de syns- og h\u00f8reneds\u00e6ttelse. Historierne giver ogs\u00e5 et indblik i de tilbud, der findes, og viser muligheder for mestring.<\/p>\n\n\n\n<p>Mange af de mennesker, vi m\u00f8der i bogen, er aktive brugere af Eikholt's tjenester. Det viser, at det arbejde, vi udf\u00f8rer hos Eikholt, har v\u00e6rdi og er med til at skabe selvst\u00e6ndighed og mestring. Det er i tr\u00e5d med Eikholt's model, som er baseret p\u00e5 personcentreret rehabilitering, hvilket betyder, at brugeren er i centrum.<\/p>\n\n\n\n<p>Vi anbefaler p\u00e5 det kraftigste, at du l\u00e6ser denne bog. Den er tilg\u00e6ngelig som lydbog, punktskrift og e-bog via Norsk lyd- og blindeskriftbibliotek (NLB) via dette link <strong><a href=\"https:\/\/websok.nlb.no\/cgi-bin\/websok?tnr=684460\">Min historie<\/a><\/strong><\/p>\n\n\n\n<p>Hvis du vil l\u00e6se historierne online, kan du finde dem her <a href=\"https:\/\/www.dovblindhet.no\/min-historie.443007.no.html\">Min historie - Den norske nationale r\u00e5dgivningsenhed for d\u00f8vblindhed (dovblindhet.no)<\/a><\/p>\n\n\n\n<p>Hvis du \u00f8nsker et trykt eksemplar af bogen, bedes du kontakte NKDB via e-mail: dovblindhet@unn.no<\/p>\n\n\n\n<p>Tusind tak til Roy-Morten for at skrive denne fantastiske bog!<\/p>\n\n\n\n<figure class=\"wp-block-image size-large\"><img loading=\"lazy\" decoding=\"async\" width=\"768\" height=\"1024\" src=\"https:\/\/www.eikholt.no\/app\/uploads\/2023\/06\/20211025_200217-768x1024.jpg\" alt=\"\" class=\"wp-image-1544\" srcset=\"https:\/\/www.eikholt.no\/app\/uploads\/2023\/06\/20211025_200217-768x1024.jpg 768w, https:\/\/www.eikholt.no\/app\/uploads\/2023\/06\/20211025_200217-225x300.jpg 225w, https:\/\/www.eikholt.no\/app\/uploads\/2023\/06\/20211025_200217-1152x1536.jpg 1152w, https:\/\/www.eikholt.no\/app\/uploads\/2023\/06\/20211025_200217.jpg 1512w\" sizes=\"auto, (max-width: 768px) 100vw, 768px\" \/><\/figure>\n\n\n\n<figure class=\"wp-block-image size-large\"><img loading=\"lazy\" decoding=\"async\" width=\"768\" height=\"1024\" src=\"https:\/\/www.eikholt.no\/app\/uploads\/2023\/06\/Min-historie-bilder-768x1024.jpg\" alt=\"\" class=\"wp-image-1545\" srcset=\"https:\/\/www.eikholt.no\/app\/uploads\/2023\/06\/Min-historie-bilder-768x1024.jpg 768w, https:\/\/www.eikholt.no\/app\/uploads\/2023\/06\/Min-historie-bilder-225x300.jpg 225w, https:\/\/www.eikholt.no\/app\/uploads\/2023\/06\/Min-historie-bilder-1152x1536.jpg 1152w, https:\/\/www.eikholt.no\/app\/uploads\/2023\/06\/Min-historie-bilder.jpg 1512w\" sizes=\"auto, (max-width: 768px) 100vw, 768px\" \/><\/figure>","protected":false},"excerpt":{"rendered":"<p>I sidste uge blev bogen \"Min historie\" lanceret. Bogen indeholder 10 portr\u00e6tter af mennesker med b\u00e5de syns- og h\u00f8reneds\u00e6ttelse. Forfatteren bag den nye bog er Roy-Morten \u00d8sterb\u00f8l, informationsr\u00e5dgiver ved den norske nationale r\u00e5dgivningsenhed for d\u00f8vblindhed (NKDB). \"Vi i Eikholt, som er en del af NKDB, er stolte af dette arbejde, som bringer brugernes stemme og historie frem.<\/p>","protected":false},"author":2,"featured_media":0,"comment_status":"closed","ping_status":"closed","sticky":false,"template":"","format":"standard","meta":{"_acf_changed":false,"inline_featured_image":false,"ep_exclude_from_search":false,"footnotes":""},"categories":[12],"tags":[],"class_list":["post-1543","post","type-post","status-publish","format-standard","hentry","category-nyheter"],"acf":[],"yoast_head":"<!-- This site is optimized with the Yoast SEO plugin v25.8 - https:\/\/yoast.com\/wordpress\/plugins\/seo\/ -->\n<title>Min historie - en bok som gir d\u00f8vblinde en stemme - Eikholt<\/title>\n<meta name=\"robots\" content=\"index, follow, max-snippet:-1, max-image-preview:large, max-video-preview:-1\" \/>\n<link rel=\"canonical\" href=\"https:\/\/www.eikholt.no\/da\/artikler\/min-historie-en-bog-der-giver-dovblinde-en-stemme\/\" \/>\n<meta property=\"og:locale\" content=\"da_DK\" \/>\n<meta property=\"og:type\" content=\"article\" \/>\n<meta property=\"og:title\" content=\"Min historie - en bok som gir d\u00f8vblinde en stemme - Eikholt\" \/>\n<meta property=\"og:description\" content=\"Forrige uke ble boken &quot;Min historie&quot; lansert. Boka inneholder 10 portretter av personer med b\u00e5de nedsatt syn og h\u00f8rsel. Det er forfatter Roy-Morten \u00d8sterb\u00f8l, informasjonsr\u00e5dgiver i Nasjonal kompetansetjeneste for d\u00f8vblinde (NKDB), som st\u00e5r bak den nye boka. Vi p\u00e5 Eikholt, som en del av NKDB, er stolte over dette arbeidet som f\u00e5r frem brukernes stemme og historie.\" \/>\n<meta property=\"og:url\" content=\"https:\/\/www.eikholt.no\/da\/artikler\/min-historie-en-bog-der-giver-dovblinde-en-stemme\/\" \/>\n<meta property=\"og:site_name\" content=\"Eikholt\" \/>\n<meta property=\"article:publisher\" content=\"https:\/\/www.facebook.com\/eikholt.kompetansesenter\" \/>\n<meta property=\"article:published_time\" content=\"2022-12-21T14:21:00+00:00\" \/>\n<meta property=\"article:modified_time\" content=\"2023-06-23T14:24:14+00:00\" \/>\n<meta property=\"og:image\" content=\"https:\/\/www.eikholt.no\/app\/uploads\/2023\/06\/20211025_200217-768x1024.jpg\" \/>\n<meta name=\"author\" content=\"eikholt\" \/>\n<meta name=\"twitter:card\" content=\"summary_large_image\" \/>\n<meta name=\"twitter:label1\" content=\"Written by\" \/>\n\t<meta name=\"twitter:data1\" content=\"eikholt\" \/>\n\t<meta name=\"twitter:label2\" content=\"Est. reading time\" \/>\n\t<meta name=\"twitter:data2\" content=\"1 minute\" \/>\n<script type=\"application\/ld+json\" class=\"yoast-schema-graph\">{\"@context\":\"https:\/\/schema.org\",\"@graph\":[{\"@type\":\"Article\",\"@id\":\"https:\/\/www.eikholt.no\/artikler\/min-historie-en-bok-som-gir-dovblinde-en-stemme\/#article\",\"isPartOf\":{\"@id\":\"https:\/\/www.eikholt.no\/artikler\/min-historie-en-bok-som-gir-dovblinde-en-stemme\/\"},\"author\":{\"name\":\"eikholt\",\"@id\":\"https:\/\/www.eikholt.no\/#\/schema\/person\/823978105d8e2ddceb0963ff9eb0b816\"},\"headline\":\"Min historie &#8211; en bok som gir d\u00f8vblinde en stemme\",\"datePublished\":\"2022-12-21T14:21:00+00:00\",\"dateModified\":\"2023-06-23T14:24:14+00:00\",\"mainEntityOfPage\":{\"@id\":\"https:\/\/www.eikholt.no\/artikler\/min-historie-en-bok-som-gir-dovblinde-en-stemme\/\"},\"wordCount\":214,\"publisher\":{\"@id\":\"https:\/\/www.eikholt.no\/#organization\"},\"image\":{\"@id\":\"https:\/\/www.eikholt.no\/artikler\/min-historie-en-bok-som-gir-dovblinde-en-stemme\/#primaryimage\"},\"thumbnailUrl\":\"https:\/\/www.eikholt.no\/app\/uploads\/2023\/06\/20211025_200217-768x1024.jpg\",\"articleSection\":[\"Nyheter\"],\"inLanguage\":\"da-DK\"},{\"@type\":\"WebPage\",\"@id\":\"https:\/\/www.eikholt.no\/artikler\/min-historie-en-bok-som-gir-dovblinde-en-stemme\/\",\"url\":\"https:\/\/www.eikholt.no\/artikler\/min-historie-en-bok-som-gir-dovblinde-en-stemme\/\",\"name\":\"Min historie - en bok som gir d\u00f8vblinde en stemme - Eikholt\",\"isPartOf\":{\"@id\":\"https:\/\/www.eikholt.no\/#website\"},\"primaryImageOfPage\":{\"@id\":\"https:\/\/www.eikholt.no\/artikler\/min-historie-en-bok-som-gir-dovblinde-en-stemme\/#primaryimage\"},\"image\":{\"@id\":\"https:\/\/www.eikholt.no\/artikler\/min-historie-en-bok-som-gir-dovblinde-en-stemme\/#primaryimage\"},\"thumbnailUrl\":\"https:\/\/www.eikholt.no\/app\/uploads\/2023\/06\/20211025_200217-768x1024.jpg\",\"datePublished\":\"2022-12-21T14:21:00+00:00\",\"dateModified\":\"2023-06-23T14:24:14+00:00\",\"breadcrumb\":{\"@id\":\"https:\/\/www.eikholt.no\/artikler\/min-historie-en-bok-som-gir-dovblinde-en-stemme\/#breadcrumb\"},\"inLanguage\":\"da-DK\",\"potentialAction\":[{\"@type\":\"ReadAction\",\"target\":[\"https:\/\/www.eikholt.no\/artikler\/min-historie-en-bok-som-gir-dovblinde-en-stemme\/\"]}]},{\"@type\":\"ImageObject\",\"inLanguage\":\"da-DK\",\"@id\":\"https:\/\/www.eikholt.no\/artikler\/min-historie-en-bok-som-gir-dovblinde-en-stemme\/#primaryimage\",\"url\":\"https:\/\/www.eikholt.no\/app\/uploads\/2023\/06\/20211025_200217-768x1024.jpg\",\"contentUrl\":\"https:\/\/www.eikholt.no\/app\/uploads\/2023\/06\/20211025_200217-768x1024.jpg\"},{\"@type\":\"BreadcrumbList\",\"@id\":\"https:\/\/www.eikholt.no\/artikler\/min-historie-en-bok-som-gir-dovblinde-en-stemme\/#breadcrumb\",\"itemListElement\":[{\"@type\":\"ListItem\",\"position\":1,\"name\":\"Forside\",\"item\":\"https:\/\/www.eikholt.no\/\"},{\"@type\":\"ListItem\",\"position\":2,\"name\":\"Min historie &#8211; en bok som gir d\u00f8vblinde en stemme\"}]},{\"@type\":\"WebSite\",\"@id\":\"https:\/\/www.eikholt.no\/#website\",\"url\":\"https:\/\/www.eikholt.no\/\",\"name\":\"Eikholt\",\"description\":\"\",\"publisher\":{\"@id\":\"https:\/\/www.eikholt.no\/#organization\"},\"potentialAction\":[{\"@type\":\"SearchAction\",\"target\":{\"@type\":\"EntryPoint\",\"urlTemplate\":\"https:\/\/www.eikholt.no\/?s={search_term_string}\"},\"query-input\":{\"@type\":\"PropertyValueSpecification\",\"valueRequired\":true,\"valueName\":\"search_term_string\"}}],\"inLanguage\":\"da-DK\"},{\"@type\":\"Organization\",\"@id\":\"https:\/\/www.eikholt.no\/#organization\",\"name\":\"Eikholt\",\"url\":\"https:\/\/www.eikholt.no\/\",\"logo\":{\"@type\":\"ImageObject\",\"inLanguage\":\"da-DK\",\"@id\":\"https:\/\/www.eikholt.no\/#\/schema\/logo\/image\/\",\"url\":\"https:\/\/www.eikholt.no\/app\/uploads\/2024\/04\/cropped-Logo-Eikholt-ny.jpg\",\"contentUrl\":\"https:\/\/www.eikholt.no\/app\/uploads\/2024\/04\/cropped-Logo-Eikholt-ny.jpg\",\"width\":419,\"height\":209,\"caption\":\"Eikholt\"},\"image\":{\"@id\":\"https:\/\/www.eikholt.no\/#\/schema\/logo\/image\/\"},\"sameAs\":[\"https:\/\/www.facebook.com\/eikholt.kompetansesenter\"]},{\"@type\":\"Person\",\"@id\":\"https:\/\/www.eikholt.no\/#\/schema\/person\/823978105d8e2ddceb0963ff9eb0b816\",\"name\":\"eikholt\",\"image\":{\"@type\":\"ImageObject\",\"inLanguage\":\"da-DK\",\"@id\":\"https:\/\/www.eikholt.no\/#\/schema\/person\/image\/\",\"url\":\"https:\/\/www.eikholt.no\/app\/uploads\/2023\/10\/only-logo-96x96.png\",\"contentUrl\":\"https:\/\/www.eikholt.no\/app\/uploads\/2023\/10\/only-logo-96x96.png\",\"caption\":\"eikholt\"},\"url\":\"https:\/\/www.eikholt.no\/da\/artikler\/author\/eikholt\/\"}]}<\/script>\n<!-- \/ Yoast SEO plugin. -->","yoast_head_json":{"title":"Min historie - en bog, der giver d\u00f8vblinde en stemme - Eikholt","robots":{"index":"index","follow":"follow","max-snippet":"max-snippet:-1","max-image-preview":"max-image-preview:large","max-video-preview":"max-video-preview:-1"},"canonical":"https:\/\/www.eikholt.no\/da\/artikler\/min-historie-en-bog-der-giver-dovblinde-en-stemme\/","og_locale":"da_DK","og_type":"article","og_title":"Min historie - en bok som gir d\u00f8vblinde en stemme - Eikholt","og_description":"Forrige uke ble boken \"Min historie\" lansert. Boka inneholder 10 portretter av personer med b\u00e5de nedsatt syn og h\u00f8rsel. Det er forfatter Roy-Morten \u00d8sterb\u00f8l, informasjonsr\u00e5dgiver i Nasjonal kompetansetjeneste for d\u00f8vblinde (NKDB), som st\u00e5r bak den nye boka. Vi p\u00e5 Eikholt, som en del av NKDB, er stolte over dette arbeidet som f\u00e5r frem brukernes stemme og historie.","og_url":"https:\/\/www.eikholt.no\/da\/artikler\/min-historie-en-bog-der-giver-dovblinde-en-stemme\/","og_site_name":"Eikholt","article_publisher":"https:\/\/www.facebook.com\/eikholt.kompetansesenter","article_published_time":"2022-12-21T14:21:00+00:00","article_modified_time":"2023-06-23T14:24:14+00:00","og_image":[{"url":"https:\/\/www.eikholt.no\/app\/uploads\/2023\/06\/20211025_200217-768x1024.jpg","type":"","width":"","height":""}],"author":"eikholt","twitter_card":"summary_large_image","twitter_misc":{"Written by":"eikholt","Est. reading time":"1 minute"},"schema":{"@context":"https:\/\/schema.org","@graph":[{"@type":"Article","@id":"https:\/\/www.eikholt.no\/artikler\/min-historie-en-bok-som-gir-dovblinde-en-stemme\/#article","isPartOf":{"@id":"https:\/\/www.eikholt.no\/artikler\/min-historie-en-bok-som-gir-dovblinde-en-stemme\/"},"author":{"name":"eikholt","@id":"https:\/\/www.eikholt.no\/#\/schema\/person\/823978105d8e2ddceb0963ff9eb0b816"},"headline":"Min historie &#8211; en bok som gir d\u00f8vblinde en stemme","datePublished":"2022-12-21T14:21:00+00:00","dateModified":"2023-06-23T14:24:14+00:00","mainEntityOfPage":{"@id":"https:\/\/www.eikholt.no\/artikler\/min-historie-en-bok-som-gir-dovblinde-en-stemme\/"},"wordCount":214,"publisher":{"@id":"https:\/\/www.eikholt.no\/#organization"},"image":{"@id":"https:\/\/www.eikholt.no\/artikler\/min-historie-en-bok-som-gir-dovblinde-en-stemme\/#primaryimage"},"thumbnailUrl":"https:\/\/www.eikholt.no\/app\/uploads\/2023\/06\/20211025_200217-768x1024.jpg","articleSection":["Nyheter"],"inLanguage":"da-DK"},{"@type":"WebPage","@id":"https:\/\/www.eikholt.no\/artikler\/min-historie-en-bok-som-gir-dovblinde-en-stemme\/","url":"https:\/\/www.eikholt.no\/artikler\/min-historie-en-bok-som-gir-dovblinde-en-stemme\/","name":"Min historie - en bog, der giver d\u00f8vblinde en stemme - Eikholt","isPartOf":{"@id":"https:\/\/www.eikholt.no\/#website"},"primaryImageOfPage":{"@id":"https:\/\/www.eikholt.no\/artikler\/min-historie-en-bok-som-gir-dovblinde-en-stemme\/#primaryimage"},"image":{"@id":"https:\/\/www.eikholt.no\/artikler\/min-historie-en-bok-som-gir-dovblinde-en-stemme\/#primaryimage"},"thumbnailUrl":"https:\/\/www.eikholt.no\/app\/uploads\/2023\/06\/20211025_200217-768x1024.jpg","datePublished":"2022-12-21T14:21:00+00:00","dateModified":"2023-06-23T14:24:14+00:00","breadcrumb":{"@id":"https:\/\/www.eikholt.no\/artikler\/min-historie-en-bok-som-gir-dovblinde-en-stemme\/#breadcrumb"},"inLanguage":"da-DK","potentialAction":[{"@type":"ReadAction","target":["https:\/\/www.eikholt.no\/artikler\/min-historie-en-bok-som-gir-dovblinde-en-stemme\/"]}]},{"@type":"ImageObject","inLanguage":"da-DK","@id":"https:\/\/www.eikholt.no\/artikler\/min-historie-en-bok-som-gir-dovblinde-en-stemme\/#primaryimage","url":"https:\/\/www.eikholt.no\/app\/uploads\/2023\/06\/20211025_200217-768x1024.jpg","contentUrl":"https:\/\/www.eikholt.no\/app\/uploads\/2023\/06\/20211025_200217-768x1024.jpg"},{"@type":"BreadcrumbList","@id":"https:\/\/www.eikholt.no\/artikler\/min-historie-en-bok-som-gir-dovblinde-en-stemme\/#breadcrumb","itemListElement":[{"@type":"ListItem","position":1,"name":"Forside","item":"https:\/\/www.eikholt.no\/"},{"@type":"ListItem","position":2,"name":"Min historie &#8211; en bok som gir d\u00f8vblinde en stemme"}]},{"@type":"WebSite","@id":"https:\/\/www.eikholt.no\/#website","url":"https:\/\/www.eikholt.no\/","name":"Eikholt","description":"","publisher":{"@id":"https:\/\/www.eikholt.no\/#organization"},"potentialAction":[{"@type":"SearchAction","target":{"@type":"EntryPoint","urlTemplate":"https:\/\/www.eikholt.no\/?s={search_term_string}"},"query-input":{"@type":"PropertyValueSpecification","valueRequired":true,"valueName":"search_term_string"}}],"inLanguage":"da-DK"},{"@type":"Organization","@id":"https:\/\/www.eikholt.no\/#organization","name":"Eikholt","url":"https:\/\/www.eikholt.no\/","logo":{"@type":"ImageObject","inLanguage":"da-DK","@id":"https:\/\/www.eikholt.no\/#\/schema\/logo\/image\/","url":"https:\/\/www.eikholt.no\/app\/uploads\/2024\/04\/cropped-Logo-Eikholt-ny.jpg","contentUrl":"https:\/\/www.eikholt.no\/app\/uploads\/2024\/04\/cropped-Logo-Eikholt-ny.jpg","width":419,"height":209,"caption":"Eikholt"},"image":{"@id":"https:\/\/www.eikholt.no\/#\/schema\/logo\/image\/"},"sameAs":["https:\/\/www.facebook.com\/eikholt.kompetansesenter"]},{"@type":"Person","@id":"https:\/\/www.eikholt.no\/#\/schema\/person\/823978105d8e2ddceb0963ff9eb0b816","name":"Egelund","image":{"@type":"ImageObject","inLanguage":"da-DK","@id":"https:\/\/www.eikholt.no\/#\/schema\/person\/image\/","url":"https:\/\/www.eikholt.no\/app\/uploads\/2023\/10\/only-logo-96x96.png","contentUrl":"https:\/\/www.eikholt.no\/app\/uploads\/2023\/10\/only-logo-96x96.png","caption":"eikholt"},"url":"https:\/\/www.eikholt.no\/da\/artikler\/author\/eikholt\/"}]}},"_links":{"self":[{"href":"https:\/\/www.eikholt.no\/da\/wp-json\/wp\/v2\/posts\/1543","targetHints":{"allow":["GET"]}}],"collection":[{"href":"https:\/\/www.eikholt.no\/da\/wp-json\/wp\/v2\/posts"}],"about":[{"href":"https:\/\/www.eikholt.no\/da\/wp-json\/wp\/v2\/types\/post"}],"author":[{"embeddable":true,"href":"https:\/\/www.eikholt.no\/da\/wp-json\/wp\/v2\/users\/2"}],"replies":[{"embeddable":true,"href":"https:\/\/www.eikholt.no\/da\/wp-json\/wp\/v2\/comments?post=1543"}],"version-history":[{"count":2,"href":"https:\/\/www.eikholt.no\/da\/wp-json\/wp\/v2\/posts\/1543\/revisions"}],"predecessor-version":[{"id":1547,"href":"https:\/\/www.eikholt.no\/da\/wp-json\/wp\/v2\/posts\/1543\/revisions\/1547"}],"wp:attachment":[{"href":"https:\/\/www.eikholt.no\/da\/wp-json\/wp\/v2\/media?parent=1543"}],"wp:term":[{"taxonomy":"category","embeddable":true,"href":"https:\/\/www.eikholt.no\/da\/wp-json\/wp\/v2\/categories?post=1543"},{"taxonomy":"post_tag","embeddable":true,"href":"https:\/\/www.eikholt.no\/da\/wp-json\/wp\/v2\/tags?post=1543"}],"curies":[{"name":"wp","href":"https:\/\/api.w.org\/{rel}","templated":true}]}}