{"id":2308,"date":"2023-12-11T21:10:10","date_gmt":"2023-12-11T21:10:10","guid":{"rendered":"https:\/\/www.eikholt.no\/?p=2308"},"modified":"2023-12-11T21:10:10","modified_gmt":"2023-12-11T21:10:10","slug":"tolken-gor-det-muligt-for-mennesker-med-kombineret-syns-og-horenedsaettelse-at-deltage-i-kultur-og-sportsbegivenheder","status":"publish","type":"post","link":"https:\/\/www.eikholt.no\/da\/artikler\/tolken-gor-det-muligt-for-mennesker-med-kombineret-syns-og-horenedsaettelse-at-deltage-i-kultur-og-sportsbegivenheder\/","title":{"rendered":"Tolken g\u00f8r det muligt for mennesker med kombineret syns- og h\u00f8reneds\u00e6ttelse at deltage i kultur- og sportsbegivenheder."},"content":{"rendered":"<p><\/p>\n\n\n\n<h2 class=\"wp-block-heading\">NAV-tilpasningskurser og -projekter afh\u00e6nger af fortolkeren<\/h2>\n\n\n\n<p>Regninger skal betales, m\u00f8der med kolleger skal organiseres, og der skal laves mad. Hverdagen skal leves, men to af dine sanser er st\u00e6rkt reducerede eller forsvundet. Det kr\u00e6ver energi, meget energi! Det kr\u00e6ver andre strategier - nye m\u00e5der at l\u00f8se hverdagens problemer p\u00e5.<\/p>\n\n\n\n<p>Hos Eikholt planl\u00e6gges der nu NAV-tilpasningskurser og projektarbejde for de n\u00e6ste seks m\u00e5neder. Det er tilbud til mennesker med kombineret syns- og h\u00f8reneds\u00e6ttelse\/d\u00f8vblindhed, som \u00f8nsker at v\u00e6re s\u00e5 selvst\u00e6ndige som muligt i deres hverdag og at deltage i og p\u00e5virke samfundet. Mennesker, der vil leve deres liv som du og jeg - men med en alvorlig reduktion i to af vores vigtigste sanser. <\/p>\n\n\n\n<p>Det er det, NAV-tilpasningskurser, projektarbejde og forskning, der giver ny viden, handler om. Men for at lykkes med dette har vi brug for tolke.<\/p>\n\n\n\n<h2 class=\"wp-block-heading\">Hvad er en tolk?<\/h2>\n\n\n\n<p>If\u00f8lge NAV er tolkens rolle at lette kommunikationen for begge parter. N\u00e5r man tolker for d\u00f8vblinde, bruger man forskellige kombinationer af tolke- og kommunikationsmetoder (<a href=\"https:\/\/www.kunnskapsbanken.net\/tolk\/kommunikasjon-via-tolk\/\">NAV, Vidensbanken<\/a>). <\/p>\n\n\n\n<blockquote class=\"wp-block-quote is-layout-flow wp-block-quote-is-layout-flow\">\n<p>Tolkeydelser \u00f8ger d\u00f8ves, h\u00f8reh\u00e6mmedes og d\u00f8vblindes muligheder for at deltage i og p\u00e5virke samfundet.<\/p>\n<cite><a href=\"https:\/\/www.kunnskapsbanken.net\/tolk\/\">Tolk | Vidensbank<\/a><\/cite><\/blockquote>\n\n\n\n<p>S\u00e5 hvem er denne tolk?<\/p>\n\n\n\n<p>Tolken er et menneske, eller m\u00e5ske mere beskrivende, en multikunstner. Hvis tolken var en maskine, ville den have mange knapper og mange indstillinger. Tolken skal v\u00e6re tegnsprogstolk, tegnsprogstolk, taletolk, taktiltolk, ledsager med synstolkning og udf\u00f8re haptisk kommunikation, for blot at n\u00e6vne nogle f\u00e5. N\u00e5r det g\u00e6lder kommunikation, har mennesker med kombineret syns- og h\u00f8reneds\u00e6ttelse\/d\u00f8vblindhed brug for forskellige former for kommunikation og tilpasninger. <\/p>\n\n\n<div class=\"wp-block-image\">\n<figure class=\"aligncenter size-large\"><a href=\"https:\/\/www.youtube.com\/watch?v=VnvhG63eq3E\" target=\"_blank\" rel=\"noreferrer noopener\"><img loading=\"lazy\" decoding=\"async\" width=\"1024\" height=\"683\" src=\"https:\/\/www.eikholt.no\/app\/uploads\/2023\/12\/IMG_5153-1024x683.jpg\" alt=\"\" class=\"wp-image-2341\" srcset=\"https:\/\/www.eikholt.no\/app\/uploads\/2023\/12\/IMG_5153-1024x683.jpg 1024w, https:\/\/www.eikholt.no\/app\/uploads\/2023\/12\/IMG_5153-300x200.jpg 300w, https:\/\/www.eikholt.no\/app\/uploads\/2023\/12\/IMG_5153-768x512.jpg 768w, https:\/\/www.eikholt.no\/app\/uploads\/2023\/12\/IMG_5153-1536x1024.jpg 1536w, https:\/\/www.eikholt.no\/app\/uploads\/2023\/12\/IMG_5153-2048x1365.jpg 2048w\" sizes=\"auto, (max-width: 1024px) 100vw, 1024px\" \/><\/a><figcaption class=\"wp-element-caption\"><strong>Folk p\u00e5 tribunen ser en kamp. En person udf\u00f8rer haptisk kommunikation p\u00e5 en af tilskuerne. Klik p\u00e5 billedet for at se video.<\/strong><\/figcaption><\/figure><\/div>\n\n\n<p>Lyder det vigtigt?<\/p>\n\n\n\n<p>I h\u00f8j grad, vil vi sige. Projektet \"<a href=\"https:\/\/www.eikholt.no\/da\/videnshvelvet\/graenselos-sportslig-fornojelse\/\">Gr\u00e6nsel\u00f8s sportssjov<\/a>e\" er med til at understrege dette.<\/p>\n\n\n\n<p>  <\/p>\n\n\n\n<h2 class=\"wp-block-heading\">Ubegr\u00e6nset sportssjov med syns- og h\u00f8reneds\u00e6ttelse<\/h2>\n\n\n\n<p>I l\u00f8bet af 2023 vil der blive gennemf\u00f8rt et projekt p\u00e5 Eikholt med titlen \"Gr\u00e6nsel\u00f8s sportsgl\u00e6de\". Det handler om at g\u00f8re det lettere for mennesker med kombineret syns- og h\u00f8reneds\u00e6ttelse\/d\u00f8vblindhed at deltage som publikum ved kultur- og sportsbegivenheder.<\/p>\n\n\n\n<p>Ved flere lejligheder har deltagere i projektet sammen med tolke v\u00e6ret tilskuere til fodboldkampe. Der er blevet brugt forskellige kommunikationsmetoder og hj\u00e6lpemidler. Det er tydeligt, at det har resulteret i mindev\u00e6rdige oplevelser og adgang til kulturelle begivenheder, som mange ikke troede var mulige.<\/p>\n\n\n\n<figure class=\"wp-block-image size-large\"><img loading=\"lazy\" decoding=\"async\" width=\"1024\" height=\"517\" src=\"https:\/\/www.eikholt.no\/app\/uploads\/2023\/08\/Grenselos-idrettsglede-2-1024x517.jpg\" alt=\"Folk r\u00e6kker h\u00e6nderne i vejret p\u00e5 en tribune\" class=\"wp-image-1768\" srcset=\"https:\/\/www.eikholt.no\/app\/uploads\/2023\/08\/Grenselos-idrettsglede-2-1024x517.jpg 1024w, https:\/\/www.eikholt.no\/app\/uploads\/2023\/08\/Grenselos-idrettsglede-2-300x151.jpg 300w, https:\/\/www.eikholt.no\/app\/uploads\/2023\/08\/Grenselos-idrettsglede-2-768x388.jpg 768w, https:\/\/www.eikholt.no\/app\/uploads\/2023\/08\/Grenselos-idrettsglede-2-1536x775.jpg 1536w, https:\/\/www.eikholt.no\/app\/uploads\/2023\/08\/Grenselos-idrettsglede-2-2048x1033.jpg 2048w\" sizes=\"auto, (max-width: 1024px) 100vw, 1024px\" \/><\/figure>\n\n\n\n<p><\/p>\n\n\n\n<blockquote class=\"wp-block-quote is-layout-flow wp-block-quote-is-layout-flow\">\n<p>Jeg f\u00f8lte, at jeg sad midt p\u00e5 stadion og oplevede hele fodboldatmosf\u00e6ren.\u00a0<\/p>\n<cite>Deltager i projektet<\/cite><\/blockquote>\n\n\n\n<h2 class=\"wp-block-heading\"><strong>Tolken spiller en afg\u00f8rende rolle<\/strong><\/h2>\n\n\n\n<p>Det er inspirerende at kunne tale om succesen med projektet \"Gr\u00e6nsel\u00f8s sportsgl\u00e6de\" lige nu, midt i projektet, og hvordan det har v\u00e6ret med til at give mennesker med kombineret syns- og h\u00f8reneds\u00e6ttelse\/d\u00f8vblindhed mulighed for at deltage fuldt ud som tilskuere til fodboldkampe.<\/p>\n\n\n\n<p>I l\u00f8bet af projektet l\u00e6rte vi, at tolke spiller en afg\u00f8rende rolle for at nedbryde barrierer i forbindelse med mobilitet, adgang til information og kommunikation. <\/p>\n\n\n\n<p>Den effektive brug af tolke, som er dygtige til lydbeskrivelse, haptisk signalering og tegnsprog, har helt klart givet en f\u00f8lelse af fuld deltagelse under fodboldkampe. Den umiddelbare forst\u00e5else af, hvad der sker p\u00e5 banen, er ikke kun imponerende, men vidner ogs\u00e5 om vigtigheden af inkluderende initiativer.<\/p>\n\n\n\n<p>Projektets resultater underst\u00f8tter i h\u00f8j grad behovet for fortsat st\u00f8tte og implementering af tolketjenester for at sikre, at mennesker med kombineret syns- og h\u00f8reneds\u00e6ttelse\/d\u00f8vblindhed har adgang til relevant information og kan deltage fuldt ud i samfundsaktiviteter som f.eks. fodboldkampe. <\/p>\n\n\n\n<p>Projektet \"Gr\u00e6nsel\u00f8s sportsgl\u00e6de\" forts\u00e6tter, og vi h\u00e5ber, at brugen af tolke som en vigtig succesfaktor kan inspirere til lignende initiativer og tiltag. <\/p>\n\n\n\n<p>L\u00e6s her om projektet <a href=\"https:\/\/www.eikholt.no\/da\/videnshvelvet\/graenselos-sportslig-fornojelse\/\">\"Gr\u00e6nsel\u00f8s sportssjov\"<\/a><\/p>\n\n\n\n<p><\/p>","protected":false},"excerpt":{"rendered":"<p>Regninger skal betales, m\u00f8der med kolleger skal organiseres, og der skal laves mad. Hverdagen skal leves, men to af dine sanser er st\u00e6rkt reducerede eller forsvundet. Det kr\u00e6ver energi, meget energi! Det kr\u00e6ver andre strategier - nye m\u00e5der at l\u00f8se hverdagens problemer p\u00e5.<\/p>","protected":false},"author":2,"featured_media":1768,"comment_status":"closed","ping_status":"closed","sticky":false,"template":"","format":"standard","meta":{"_acf_changed":false,"inline_featured_image":false,"ep_exclude_from_search":false,"footnotes":""},"categories":[12,11],"tags":[],"class_list":["post-2308","post","type-post","status-publish","format-standard","has-post-thumbnail","hentry","category-nyheter","category-fagstoff"],"acf":[],"yoast_head":"<!-- This site is optimized with the Yoast SEO plugin v25.8 - https:\/\/yoast.com\/wordpress\/plugins\/seo\/ -->\n<title>Tolken gj\u00f8r deltakelse i kultur- og idrettsarrangement mulig for personer med kombinert nedsatt syn og h\u00f8rsel - Eikholt<\/title>\n<meta name=\"description\" content=\"Utfallet av prosjektet understreker tydelig at tolker spiller en helt avgj\u00f8rende rolle for \u00e5 bryte ned hindringene knyttet til mobiltet, tilgang p\u00e5 informasjon og kommunikasjon.\" \/>\n<meta name=\"robots\" content=\"index, follow, max-snippet:-1, max-image-preview:large, max-video-preview:-1\" \/>\n<link rel=\"canonical\" href=\"https:\/\/www.eikholt.no\/da\/artikler\/tolken-gor-det-muligt-for-mennesker-med-kombineret-syns-og-horenedsaettelse-at-deltage-i-kultur-og-sportsbegivenheder\/\" \/>\n<meta property=\"og:locale\" content=\"da_DK\" \/>\n<meta property=\"og:type\" content=\"article\" \/>\n<meta property=\"og:title\" content=\"Tolken gj\u00f8r deltakelse i kultur- og idrettsarrangement mulig for personer med kombinert nedsatt syn og h\u00f8rsel - Eikholt\" \/>\n<meta property=\"og:description\" content=\"Utfallet av prosjektet understreker tydelig at tolker spiller en helt avgj\u00f8rende rolle for \u00e5 bryte ned hindringene knyttet til mobiltet, tilgang p\u00e5 informasjon og kommunikasjon.\" \/>\n<meta property=\"og:url\" content=\"https:\/\/www.eikholt.no\/da\/artikler\/tolken-gor-det-muligt-for-mennesker-med-kombineret-syns-og-horenedsaettelse-at-deltage-i-kultur-og-sportsbegivenheder\/\" \/>\n<meta property=\"og:site_name\" content=\"Eikholt\" \/>\n<meta property=\"article:publisher\" content=\"https:\/\/www.facebook.com\/eikholt.kompetansesenter\" \/>\n<meta property=\"article:published_time\" content=\"2023-12-11T21:10:10+00:00\" \/>\n<meta property=\"og:image\" content=\"https:\/\/www.eikholt.no\/app\/uploads\/2023\/08\/Grenselos-idrettsglede-2-scaled.jpg\" \/>\n\t<meta property=\"og:image:width\" content=\"2560\" \/>\n\t<meta property=\"og:image:height\" content=\"1292\" \/>\n\t<meta property=\"og:image:type\" content=\"image\/jpeg\" \/>\n<meta name=\"author\" content=\"eikholt\" \/>\n<meta name=\"twitter:card\" content=\"summary_large_image\" \/>\n<meta name=\"twitter:label1\" content=\"Written by\" \/>\n\t<meta name=\"twitter:data1\" content=\"eikholt\" \/>\n\t<meta name=\"twitter:label2\" content=\"Est. reading time\" \/>\n\t<meta name=\"twitter:data2\" content=\"4 minutes\" \/>\n<script type=\"application\/ld+json\" class=\"yoast-schema-graph\">{\"@context\":\"https:\/\/schema.org\",\"@graph\":[{\"@type\":\"Article\",\"@id\":\"https:\/\/www.eikholt.no\/artikler\/tolken-gjor-deltakelse-i-kultur-og-idrettsarrangement-mulig-for-personer-med-kombinert-nedsatt-syn-og-horsel\/#article\",\"isPartOf\":{\"@id\":\"https:\/\/www.eikholt.no\/artikler\/tolken-gjor-deltakelse-i-kultur-og-idrettsarrangement-mulig-for-personer-med-kombinert-nedsatt-syn-og-horsel\/\"},\"author\":{\"name\":\"eikholt\",\"@id\":\"https:\/\/www.eikholt.no\/#\/schema\/person\/823978105d8e2ddceb0963ff9eb0b816\"},\"headline\":\"Tolken gj\u00f8r deltakelse i kultur- og idrettsarrangement mulig for personer med kombinert nedsatt syn og h\u00f8rsel\",\"datePublished\":\"2023-12-11T21:10:10+00:00\",\"mainEntityOfPage\":{\"@id\":\"https:\/\/www.eikholt.no\/artikler\/tolken-gjor-deltakelse-i-kultur-og-idrettsarrangement-mulig-for-personer-med-kombinert-nedsatt-syn-og-horsel\/\"},\"wordCount\":617,\"publisher\":{\"@id\":\"https:\/\/www.eikholt.no\/#organization\"},\"image\":{\"@id\":\"https:\/\/www.eikholt.no\/artikler\/tolken-gjor-deltakelse-i-kultur-og-idrettsarrangement-mulig-for-personer-med-kombinert-nedsatt-syn-og-horsel\/#primaryimage\"},\"thumbnailUrl\":\"https:\/\/www.eikholt.no\/app\/uploads\/2023\/08\/Grenselos-idrettsglede-2-scaled.jpg\",\"articleSection\":[\"Nyheter\",\"Fagstoff\"],\"inLanguage\":\"da-DK\"},{\"@type\":\"WebPage\",\"@id\":\"https:\/\/www.eikholt.no\/artikler\/tolken-gjor-deltakelse-i-kultur-og-idrettsarrangement-mulig-for-personer-med-kombinert-nedsatt-syn-og-horsel\/\",\"url\":\"https:\/\/www.eikholt.no\/artikler\/tolken-gjor-deltakelse-i-kultur-og-idrettsarrangement-mulig-for-personer-med-kombinert-nedsatt-syn-og-horsel\/\",\"name\":\"Tolken gj\u00f8r deltakelse i kultur- og idrettsarrangement mulig for personer med kombinert nedsatt syn og h\u00f8rsel - Eikholt\",\"isPartOf\":{\"@id\":\"https:\/\/www.eikholt.no\/#website\"},\"primaryImageOfPage\":{\"@id\":\"https:\/\/www.eikholt.no\/artikler\/tolken-gjor-deltakelse-i-kultur-og-idrettsarrangement-mulig-for-personer-med-kombinert-nedsatt-syn-og-horsel\/#primaryimage\"},\"image\":{\"@id\":\"https:\/\/www.eikholt.no\/artikler\/tolken-gjor-deltakelse-i-kultur-og-idrettsarrangement-mulig-for-personer-med-kombinert-nedsatt-syn-og-horsel\/#primaryimage\"},\"thumbnailUrl\":\"https:\/\/www.eikholt.no\/app\/uploads\/2023\/08\/Grenselos-idrettsglede-2-scaled.jpg\",\"datePublished\":\"2023-12-11T21:10:10+00:00\",\"description\":\"Utfallet av prosjektet understreker tydelig at tolker spiller en helt avgj\u00f8rende rolle for \u00e5 bryte ned hindringene knyttet til mobiltet, tilgang p\u00e5 informasjon og kommunikasjon.\",\"breadcrumb\":{\"@id\":\"https:\/\/www.eikholt.no\/artikler\/tolken-gjor-deltakelse-i-kultur-og-idrettsarrangement-mulig-for-personer-med-kombinert-nedsatt-syn-og-horsel\/#breadcrumb\"},\"inLanguage\":\"da-DK\",\"potentialAction\":[{\"@type\":\"ReadAction\",\"target\":[\"https:\/\/www.eikholt.no\/artikler\/tolken-gjor-deltakelse-i-kultur-og-idrettsarrangement-mulig-for-personer-med-kombinert-nedsatt-syn-og-horsel\/\"]}]},{\"@type\":\"ImageObject\",\"inLanguage\":\"da-DK\",\"@id\":\"https:\/\/www.eikholt.no\/artikler\/tolken-gjor-deltakelse-i-kultur-og-idrettsarrangement-mulig-for-personer-med-kombinert-nedsatt-syn-og-horsel\/#primaryimage\",\"url\":\"https:\/\/www.eikholt.no\/app\/uploads\/2023\/08\/Grenselos-idrettsglede-2-scaled.jpg\",\"contentUrl\":\"https:\/\/www.eikholt.no\/app\/uploads\/2023\/08\/Grenselos-idrettsglede-2-scaled.jpg\",\"width\":2560,\"height\":1292,\"caption\":\"Mennesker som strekker hendene i v\u00e6ret p\u00e5 en tribune\"},{\"@type\":\"BreadcrumbList\",\"@id\":\"https:\/\/www.eikholt.no\/artikler\/tolken-gjor-deltakelse-i-kultur-og-idrettsarrangement-mulig-for-personer-med-kombinert-nedsatt-syn-og-horsel\/#breadcrumb\",\"itemListElement\":[{\"@type\":\"ListItem\",\"position\":1,\"name\":\"Forside\",\"item\":\"https:\/\/www.eikholt.no\/\"},{\"@type\":\"ListItem\",\"position\":2,\"name\":\"Tolken gj\u00f8r deltakelse i kultur- og idrettsarrangement mulig for personer med kombinert nedsatt syn og h\u00f8rsel\"}]},{\"@type\":\"WebSite\",\"@id\":\"https:\/\/www.eikholt.no\/#website\",\"url\":\"https:\/\/www.eikholt.no\/\",\"name\":\"Eikholt\",\"description\":\"\",\"publisher\":{\"@id\":\"https:\/\/www.eikholt.no\/#organization\"},\"potentialAction\":[{\"@type\":\"SearchAction\",\"target\":{\"@type\":\"EntryPoint\",\"urlTemplate\":\"https:\/\/www.eikholt.no\/?s={search_term_string}\"},\"query-input\":{\"@type\":\"PropertyValueSpecification\",\"valueRequired\":true,\"valueName\":\"search_term_string\"}}],\"inLanguage\":\"da-DK\"},{\"@type\":\"Organization\",\"@id\":\"https:\/\/www.eikholt.no\/#organization\",\"name\":\"Eikholt\",\"url\":\"https:\/\/www.eikholt.no\/\",\"logo\":{\"@type\":\"ImageObject\",\"inLanguage\":\"da-DK\",\"@id\":\"https:\/\/www.eikholt.no\/#\/schema\/logo\/image\/\",\"url\":\"https:\/\/www.eikholt.no\/app\/uploads\/2024\/04\/cropped-Logo-Eikholt-ny.jpg\",\"contentUrl\":\"https:\/\/www.eikholt.no\/app\/uploads\/2024\/04\/cropped-Logo-Eikholt-ny.jpg\",\"width\":419,\"height\":209,\"caption\":\"Eikholt\"},\"image\":{\"@id\":\"https:\/\/www.eikholt.no\/#\/schema\/logo\/image\/\"},\"sameAs\":[\"https:\/\/www.facebook.com\/eikholt.kompetansesenter\"]},{\"@type\":\"Person\",\"@id\":\"https:\/\/www.eikholt.no\/#\/schema\/person\/823978105d8e2ddceb0963ff9eb0b816\",\"name\":\"eikholt\",\"image\":{\"@type\":\"ImageObject\",\"inLanguage\":\"da-DK\",\"@id\":\"https:\/\/www.eikholt.no\/#\/schema\/person\/image\/\",\"url\":\"https:\/\/www.eikholt.no\/app\/uploads\/2023\/10\/only-logo-96x96.png\",\"contentUrl\":\"https:\/\/www.eikholt.no\/app\/uploads\/2023\/10\/only-logo-96x96.png\",\"caption\":\"eikholt\"},\"url\":\"https:\/\/www.eikholt.no\/da\/artikler\/author\/eikholt\/\"}]}<\/script>\n<!-- \/ Yoast SEO plugin. -->","yoast_head_json":{"title":"Tolken g\u00f8r det muligt for mennesker med kombineret syns- og h\u00f8reneds\u00e6ttelse at deltage i kultur- og sportsbegivenheder - Eikholt","description":"Resultatet af projektet understreger tydeligt, at tolke spiller en afg\u00f8rende rolle for at nedbryde barrierer i forbindelse med mobilitet, adgang til information og kommunikation.","robots":{"index":"index","follow":"follow","max-snippet":"max-snippet:-1","max-image-preview":"max-image-preview:large","max-video-preview":"max-video-preview:-1"},"canonical":"https:\/\/www.eikholt.no\/da\/artikler\/tolken-gor-det-muligt-for-mennesker-med-kombineret-syns-og-horenedsaettelse-at-deltage-i-kultur-og-sportsbegivenheder\/","og_locale":"da_DK","og_type":"article","og_title":"Tolken gj\u00f8r deltakelse i kultur- og idrettsarrangement mulig for personer med kombinert nedsatt syn og h\u00f8rsel - Eikholt","og_description":"Utfallet av prosjektet understreker tydelig at tolker spiller en helt avgj\u00f8rende rolle for \u00e5 bryte ned hindringene knyttet til mobiltet, tilgang p\u00e5 informasjon og kommunikasjon.","og_url":"https:\/\/www.eikholt.no\/da\/artikler\/tolken-gor-det-muligt-for-mennesker-med-kombineret-syns-og-horenedsaettelse-at-deltage-i-kultur-og-sportsbegivenheder\/","og_site_name":"Eikholt","article_publisher":"https:\/\/www.facebook.com\/eikholt.kompetansesenter","article_published_time":"2023-12-11T21:10:10+00:00","og_image":[{"width":2560,"height":1292,"url":"https:\/\/www.eikholt.no\/app\/uploads\/2023\/08\/Grenselos-idrettsglede-2-scaled.jpg","type":"image\/jpeg"}],"author":"eikholt","twitter_card":"summary_large_image","twitter_misc":{"Written by":"eikholt","Est. reading time":"4 minutes"},"schema":{"@context":"https:\/\/schema.org","@graph":[{"@type":"Article","@id":"https:\/\/www.eikholt.no\/artikler\/tolken-gjor-deltakelse-i-kultur-og-idrettsarrangement-mulig-for-personer-med-kombinert-nedsatt-syn-og-horsel\/#article","isPartOf":{"@id":"https:\/\/www.eikholt.no\/artikler\/tolken-gjor-deltakelse-i-kultur-og-idrettsarrangement-mulig-for-personer-med-kombinert-nedsatt-syn-og-horsel\/"},"author":{"name":"eikholt","@id":"https:\/\/www.eikholt.no\/#\/schema\/person\/823978105d8e2ddceb0963ff9eb0b816"},"headline":"Tolken gj\u00f8r deltakelse i kultur- og idrettsarrangement mulig for personer med kombinert nedsatt syn og h\u00f8rsel","datePublished":"2023-12-11T21:10:10+00:00","mainEntityOfPage":{"@id":"https:\/\/www.eikholt.no\/artikler\/tolken-gjor-deltakelse-i-kultur-og-idrettsarrangement-mulig-for-personer-med-kombinert-nedsatt-syn-og-horsel\/"},"wordCount":617,"publisher":{"@id":"https:\/\/www.eikholt.no\/#organization"},"image":{"@id":"https:\/\/www.eikholt.no\/artikler\/tolken-gjor-deltakelse-i-kultur-og-idrettsarrangement-mulig-for-personer-med-kombinert-nedsatt-syn-og-horsel\/#primaryimage"},"thumbnailUrl":"https:\/\/www.eikholt.no\/app\/uploads\/2023\/08\/Grenselos-idrettsglede-2-scaled.jpg","articleSection":["Nyheter","Fagstoff"],"inLanguage":"da-DK"},{"@type":"WebPage","@id":"https:\/\/www.eikholt.no\/artikler\/tolken-gjor-deltakelse-i-kultur-og-idrettsarrangement-mulig-for-personer-med-kombinert-nedsatt-syn-og-horsel\/","url":"https:\/\/www.eikholt.no\/artikler\/tolken-gjor-deltakelse-i-kultur-og-idrettsarrangement-mulig-for-personer-med-kombinert-nedsatt-syn-og-horsel\/","name":"Tolken g\u00f8r det muligt for mennesker med kombineret syns- og h\u00f8reneds\u00e6ttelse at deltage i kultur- og sportsbegivenheder - Eikholt","isPartOf":{"@id":"https:\/\/www.eikholt.no\/#website"},"primaryImageOfPage":{"@id":"https:\/\/www.eikholt.no\/artikler\/tolken-gjor-deltakelse-i-kultur-og-idrettsarrangement-mulig-for-personer-med-kombinert-nedsatt-syn-og-horsel\/#primaryimage"},"image":{"@id":"https:\/\/www.eikholt.no\/artikler\/tolken-gjor-deltakelse-i-kultur-og-idrettsarrangement-mulig-for-personer-med-kombinert-nedsatt-syn-og-horsel\/#primaryimage"},"thumbnailUrl":"https:\/\/www.eikholt.no\/app\/uploads\/2023\/08\/Grenselos-idrettsglede-2-scaled.jpg","datePublished":"2023-12-11T21:10:10+00:00","description":"Resultatet af projektet understreger tydeligt, at tolke spiller en afg\u00f8rende rolle for at nedbryde barrierer i forbindelse med mobilitet, adgang til information og kommunikation.","breadcrumb":{"@id":"https:\/\/www.eikholt.no\/artikler\/tolken-gjor-deltakelse-i-kultur-og-idrettsarrangement-mulig-for-personer-med-kombinert-nedsatt-syn-og-horsel\/#breadcrumb"},"inLanguage":"da-DK","potentialAction":[{"@type":"ReadAction","target":["https:\/\/www.eikholt.no\/artikler\/tolken-gjor-deltakelse-i-kultur-og-idrettsarrangement-mulig-for-personer-med-kombinert-nedsatt-syn-og-horsel\/"]}]},{"@type":"ImageObject","inLanguage":"da-DK","@id":"https:\/\/www.eikholt.no\/artikler\/tolken-gjor-deltakelse-i-kultur-og-idrettsarrangement-mulig-for-personer-med-kombinert-nedsatt-syn-og-horsel\/#primaryimage","url":"https:\/\/www.eikholt.no\/app\/uploads\/2023\/08\/Grenselos-idrettsglede-2-scaled.jpg","contentUrl":"https:\/\/www.eikholt.no\/app\/uploads\/2023\/08\/Grenselos-idrettsglede-2-scaled.jpg","width":2560,"height":1292,"caption":"Mennesker som strekker hendene i v\u00e6ret p\u00e5 en tribune"},{"@type":"BreadcrumbList","@id":"https:\/\/www.eikholt.no\/artikler\/tolken-gjor-deltakelse-i-kultur-og-idrettsarrangement-mulig-for-personer-med-kombinert-nedsatt-syn-og-horsel\/#breadcrumb","itemListElement":[{"@type":"ListItem","position":1,"name":"Forside","item":"https:\/\/www.eikholt.no\/"},{"@type":"ListItem","position":2,"name":"Tolken gj\u00f8r deltakelse i kultur- og idrettsarrangement mulig for personer med kombinert nedsatt syn og h\u00f8rsel"}]},{"@type":"WebSite","@id":"https:\/\/www.eikholt.no\/#website","url":"https:\/\/www.eikholt.no\/","name":"Eikholt","description":"","publisher":{"@id":"https:\/\/www.eikholt.no\/#organization"},"potentialAction":[{"@type":"SearchAction","target":{"@type":"EntryPoint","urlTemplate":"https:\/\/www.eikholt.no\/?s={search_term_string}"},"query-input":{"@type":"PropertyValueSpecification","valueRequired":true,"valueName":"search_term_string"}}],"inLanguage":"da-DK"},{"@type":"Organization","@id":"https:\/\/www.eikholt.no\/#organization","name":"Eikholt","url":"https:\/\/www.eikholt.no\/","logo":{"@type":"ImageObject","inLanguage":"da-DK","@id":"https:\/\/www.eikholt.no\/#\/schema\/logo\/image\/","url":"https:\/\/www.eikholt.no\/app\/uploads\/2024\/04\/cropped-Logo-Eikholt-ny.jpg","contentUrl":"https:\/\/www.eikholt.no\/app\/uploads\/2024\/04\/cropped-Logo-Eikholt-ny.jpg","width":419,"height":209,"caption":"Eikholt"},"image":{"@id":"https:\/\/www.eikholt.no\/#\/schema\/logo\/image\/"},"sameAs":["https:\/\/www.facebook.com\/eikholt.kompetansesenter"]},{"@type":"Person","@id":"https:\/\/www.eikholt.no\/#\/schema\/person\/823978105d8e2ddceb0963ff9eb0b816","name":"Egelund","image":{"@type":"ImageObject","inLanguage":"da-DK","@id":"https:\/\/www.eikholt.no\/#\/schema\/person\/image\/","url":"https:\/\/www.eikholt.no\/app\/uploads\/2023\/10\/only-logo-96x96.png","contentUrl":"https:\/\/www.eikholt.no\/app\/uploads\/2023\/10\/only-logo-96x96.png","caption":"eikholt"},"url":"https:\/\/www.eikholt.no\/da\/artikler\/author\/eikholt\/"}]}},"_links":{"self":[{"href":"https:\/\/www.eikholt.no\/da\/wp-json\/wp\/v2\/posts\/2308","targetHints":{"allow":["GET"]}}],"collection":[{"href":"https:\/\/www.eikholt.no\/da\/wp-json\/wp\/v2\/posts"}],"about":[{"href":"https:\/\/www.eikholt.no\/da\/wp-json\/wp\/v2\/types\/post"}],"author":[{"embeddable":true,"href":"https:\/\/www.eikholt.no\/da\/wp-json\/wp\/v2\/users\/2"}],"replies":[{"embeddable":true,"href":"https:\/\/www.eikholt.no\/da\/wp-json\/wp\/v2\/comments?post=2308"}],"version-history":[{"count":26,"href":"https:\/\/www.eikholt.no\/da\/wp-json\/wp\/v2\/posts\/2308\/revisions"}],"predecessor-version":[{"id":2351,"href":"https:\/\/www.eikholt.no\/da\/wp-json\/wp\/v2\/posts\/2308\/revisions\/2351"}],"wp:featuredmedia":[{"embeddable":true,"href":"https:\/\/www.eikholt.no\/da\/wp-json\/wp\/v2\/media\/1768"}],"wp:attachment":[{"href":"https:\/\/www.eikholt.no\/da\/wp-json\/wp\/v2\/media?parent=2308"}],"wp:term":[{"taxonomy":"category","embeddable":true,"href":"https:\/\/www.eikholt.no\/da\/wp-json\/wp\/v2\/categories?post=2308"},{"taxonomy":"post_tag","embeddable":true,"href":"https:\/\/www.eikholt.no\/da\/wp-json\/wp\/v2\/tags?post=2308"}],"curies":[{"name":"wp","href":"https:\/\/api.w.org\/{rel}","templated":true}]}}