{"id":2663,"date":"2024-04-03T12:20:43","date_gmt":"2024-04-03T12:20:43","guid":{"rendered":"https:\/\/www.eikholt.no\/?p=2663"},"modified":"2024-10-31T10:51:30","modified_gmt":"2024-10-31T10:51:30","slug":"smartphone-et-vaerktoj-til-at-handtere-kombineret-syns-og-horenedsaettelse","status":"publish","type":"post","link":"https:\/\/www.eikholt.no\/da\/artikler\/smartphone-et-vaerktoj-til-at-handtere-kombineret-syns-og-horenedsaettelse\/","title":{"rendered":"Smartphone - et v\u00e6rkt\u00f8j til mestring"},"content":{"rendered":"<p>I en artikel udgivet i <a href=\"https:\/\/www.ergoterapeuten.no\/\">Ergoterapeuter<\/a> Nr. 1, 2024 pr\u00e6senterer nogle af de muligheder, som telefonen giver for at mestre hverdagen med kombineret syns- og h\u00f8reneds\u00e6ttelse. Artiklen forklarer ogs\u00e5, hvorfor belysning er s\u00e5 vigtig, og viser, hvordan man kan bruge tv\u00e6rfaglig viden i rehabiliteringen.<\/p>\n\n\n\n<h2 class=\"wp-block-heading\">Johan bruger den smarte del af sin smartphone<\/h2>\n\n\n\n<p>Denne artikel er baseret p\u00e5 et interview med Johan Haakon, som har <a href=\"https:\/\/www.eikholt.no\/da\/videnshvelvet\/usher-syndrom-typer-og-arv\/\">Usher type 2<\/a>hvilket bl.a. giver ham nedsat nattesyn og et markant reduceret synsfelt. Han deler sine erfaringer med at bruge sin smartphone til at klare hverdagssituationer, og du kan ogs\u00e5 l\u00e6se om, hvorfor god belysning er s\u00e5 vigtig.<\/p>\n\n\n\n<p>L\u00e6s hele artiklen i PDF-format her:<a href=\"https:\/\/www.eikholt.no\/da\/app\/uploads\/2024\/04\/smarttelefon-et-verktly-for-mestring.pdf\/\" target=\"_blank\" rel=\"noreferrer noopener\"><strong> Smartphone - et v\u00e6rkt\u00f8j til mestring<\/strong><\/a><\/p>\n\n\n\n<p>Du kan ogs\u00e5 l\u00e6se artiklen p\u00e5 <a href=\"https:\/\/ipaper.ipapercms.dk\/Ergoterapeuten\/ergoterapeuten-nr-1-2024\/\" target=\"_blank\" rel=\"noreferrer noopener\">Ergoterapeuter <\/a>sin hjemmeside. Rul ned til side 60. <\/p>\n\n\n\n<h2 class=\"wp-block-heading\">Kontakt os<\/h2>\n\n\n\n<p>Hvis du har sp\u00f8rgsm\u00e5l til artiklen, er du velkommen til at kontakte <a href=\"https:\/\/www.eikholt.no\/da\/kontakt-os\/\">kontakt os<\/a><\/p>\n\n\n\n<p>Hvis du har en kombineret syns- og h\u00f8reneds\u00e6ttelse og har brug for tr\u00e6ning i at bruge en smartphone, <a href=\"https:\/\/www.eikholt.no\/da\/ansogningsskema-for-individuelle-kurser\/\">Send en foresp\u00f8rgsel her<\/a><\/p>\n\n\n\n<p>Her kan du l\u00e6se mere <a href=\"https:\/\/www.eikholt.no\/da\/om-os\/\">om Eikholt<\/a><\/p>","protected":false},"excerpt":{"rendered":"<p>En artikel i Ergoterapeuten nr. 1, 2024, pr\u00e6senterer nogle af de muligheder, som telefonen giver for at mestre hverdagen med nedsat syn og h\u00f8relse. Artiklen viser ogs\u00e5 brugen af tv\u00e6rfaglig viden i rehabiliteringen.<\/p>","protected":false},"author":2,"featured_media":2664,"comment_status":"closed","ping_status":"closed","sticky":false,"template":"","format":"standard","meta":{"_acf_changed":false,"inline_featured_image":false,"ep_exclude_from_search":false,"footnotes":""},"categories":[11],"tags":[],"class_list":["post-2663","post","type-post","status-publish","format-standard","has-post-thumbnail","hentry","category-fagstoff"],"acf":[],"yoast_head":"<!-- This site is optimized with the Yoast SEO plugin v25.8 - https:\/\/yoast.com\/wordpress\/plugins\/seo\/ -->\n<title>Smarttelefon - et verkt\u00f8y for mestring - Eikholt<\/title>\n<meta name=\"description\" content=\"For personer med kombinert syns- og h\u00f8rselsnedsettelse, kan smarttelefon v\u00e6re et verkt\u00f8y for \u00e5 v\u00e6re mestre egen hverdag og v\u00e6re deltakende.\" \/>\n<meta name=\"robots\" content=\"index, follow, max-snippet:-1, max-image-preview:large, max-video-preview:-1\" \/>\n<link rel=\"canonical\" href=\"https:\/\/www.eikholt.no\/da\/artikler\/smartphone-et-vaerktoj-til-at-handtere-kombineret-syns-og-horenedsaettelse\/\" \/>\n<meta property=\"og:locale\" content=\"da_DK\" \/>\n<meta property=\"og:type\" content=\"article\" \/>\n<meta property=\"og:title\" content=\"Smarttelefon - et verkt\u00f8y for mestring - Eikholt\" \/>\n<meta property=\"og:description\" content=\"For personer med kombinert syns- og h\u00f8rselsnedsettelse, kan smarttelefon v\u00e6re et verkt\u00f8y for \u00e5 v\u00e6re mestre egen hverdag og v\u00e6re deltakende.\" \/>\n<meta property=\"og:url\" content=\"https:\/\/www.eikholt.no\/da\/artikler\/smartphone-et-vaerktoj-til-at-handtere-kombineret-syns-og-horenedsaettelse\/\" \/>\n<meta property=\"og:site_name\" content=\"Eikholt\" \/>\n<meta property=\"article:publisher\" content=\"https:\/\/www.facebook.com\/eikholt.kompetansesenter\" \/>\n<meta property=\"article:published_time\" content=\"2024-04-03T12:20:43+00:00\" \/>\n<meta property=\"article:modified_time\" content=\"2024-10-31T10:51:30+00:00\" \/>\n<meta property=\"og:image\" content=\"https:\/\/www.eikholt.no\/app\/uploads\/2024\/04\/Smarttelefon-et-verktoy-for-mestring-artikkel-scaled.jpg\" \/>\n\t<meta property=\"og:image:width\" content=\"2560\" \/>\n\t<meta property=\"og:image:height\" content=\"1707\" \/>\n\t<meta property=\"og:image:type\" content=\"image\/jpeg\" \/>\n<meta name=\"author\" content=\"eikholt\" \/>\n<meta name=\"twitter:card\" content=\"summary_large_image\" \/>\n<meta name=\"twitter:label1\" content=\"Written by\" \/>\n\t<meta name=\"twitter:data1\" content=\"eikholt\" \/>\n\t<meta name=\"twitter:label2\" content=\"Est. reading time\" \/>\n\t<meta name=\"twitter:data2\" content=\"2 minutes\" \/>\n<script type=\"application\/ld+json\" class=\"yoast-schema-graph\">{\"@context\":\"https:\/\/schema.org\",\"@graph\":[{\"@type\":\"Article\",\"@id\":\"https:\/\/www.eikholt.no\/artikler\/smarttelefon-et-verktoy-for-mestring-ved-kombinerts-syns-og-horselsnedsettelse\/#article\",\"isPartOf\":{\"@id\":\"https:\/\/www.eikholt.no\/artikler\/smarttelefon-et-verktoy-for-mestring-ved-kombinerts-syns-og-horselsnedsettelse\/\"},\"author\":{\"name\":\"eikholt\",\"@id\":\"https:\/\/www.eikholt.no\/#\/schema\/person\/823978105d8e2ddceb0963ff9eb0b816\"},\"headline\":\"Smarttelefon &#8211; et verkt\u00f8y for mestring\",\"datePublished\":\"2024-04-03T12:20:43+00:00\",\"dateModified\":\"2024-10-31T10:51:30+00:00\",\"mainEntityOfPage\":{\"@id\":\"https:\/\/www.eikholt.no\/artikler\/smarttelefon-et-verktoy-for-mestring-ved-kombinerts-syns-og-horselsnedsettelse\/\"},\"wordCount\":176,\"publisher\":{\"@id\":\"https:\/\/www.eikholt.no\/#organization\"},\"image\":{\"@id\":\"https:\/\/www.eikholt.no\/artikler\/smarttelefon-et-verktoy-for-mestring-ved-kombinerts-syns-og-horselsnedsettelse\/#primaryimage\"},\"thumbnailUrl\":\"https:\/\/www.eikholt.no\/app\/uploads\/2024\/04\/Smarttelefon-et-verktoy-for-mestring-artikkel-scaled.jpg\",\"articleSection\":[\"Fagstoff\"],\"inLanguage\":\"da-DK\"},{\"@type\":\"WebPage\",\"@id\":\"https:\/\/www.eikholt.no\/artikler\/smarttelefon-et-verktoy-for-mestring-ved-kombinerts-syns-og-horselsnedsettelse\/\",\"url\":\"https:\/\/www.eikholt.no\/artikler\/smarttelefon-et-verktoy-for-mestring-ved-kombinerts-syns-og-horselsnedsettelse\/\",\"name\":\"Smarttelefon - et verkt\u00f8y for mestring - Eikholt\",\"isPartOf\":{\"@id\":\"https:\/\/www.eikholt.no\/#website\"},\"primaryImageOfPage\":{\"@id\":\"https:\/\/www.eikholt.no\/artikler\/smarttelefon-et-verktoy-for-mestring-ved-kombinerts-syns-og-horselsnedsettelse\/#primaryimage\"},\"image\":{\"@id\":\"https:\/\/www.eikholt.no\/artikler\/smarttelefon-et-verktoy-for-mestring-ved-kombinerts-syns-og-horselsnedsettelse\/#primaryimage\"},\"thumbnailUrl\":\"https:\/\/www.eikholt.no\/app\/uploads\/2024\/04\/Smarttelefon-et-verktoy-for-mestring-artikkel-scaled.jpg\",\"datePublished\":\"2024-04-03T12:20:43+00:00\",\"dateModified\":\"2024-10-31T10:51:30+00:00\",\"description\":\"For personer med kombinert syns- og h\u00f8rselsnedsettelse, kan smarttelefon v\u00e6re et verkt\u00f8y for \u00e5 v\u00e6re mestre egen hverdag og v\u00e6re deltakende.\",\"breadcrumb\":{\"@id\":\"https:\/\/www.eikholt.no\/artikler\/smarttelefon-et-verktoy-for-mestring-ved-kombinerts-syns-og-horselsnedsettelse\/#breadcrumb\"},\"inLanguage\":\"da-DK\",\"potentialAction\":[{\"@type\":\"ReadAction\",\"target\":[\"https:\/\/www.eikholt.no\/artikler\/smarttelefon-et-verktoy-for-mestring-ved-kombinerts-syns-og-horselsnedsettelse\/\"]}]},{\"@type\":\"ImageObject\",\"inLanguage\":\"da-DK\",\"@id\":\"https:\/\/www.eikholt.no\/artikler\/smarttelefon-et-verktoy-for-mestring-ved-kombinerts-syns-og-horselsnedsettelse\/#primaryimage\",\"url\":\"https:\/\/www.eikholt.no\/app\/uploads\/2024\/04\/Smarttelefon-et-verktoy-for-mestring-artikkel-scaled.jpg\",\"contentUrl\":\"https:\/\/www.eikholt.no\/app\/uploads\/2024\/04\/Smarttelefon-et-verktoy-for-mestring-artikkel-scaled.jpg\",\"width\":2560,\"height\":1707,\"caption\":\"Foto: Shutterstock\"},{\"@type\":\"BreadcrumbList\",\"@id\":\"https:\/\/www.eikholt.no\/artikler\/smarttelefon-et-verktoy-for-mestring-ved-kombinerts-syns-og-horselsnedsettelse\/#breadcrumb\",\"itemListElement\":[{\"@type\":\"ListItem\",\"position\":1,\"name\":\"Forside\",\"item\":\"https:\/\/www.eikholt.no\/\"},{\"@type\":\"ListItem\",\"position\":2,\"name\":\"Smarttelefon &#8211; et verkt\u00f8y for mestring\"}]},{\"@type\":\"WebSite\",\"@id\":\"https:\/\/www.eikholt.no\/#website\",\"url\":\"https:\/\/www.eikholt.no\/\",\"name\":\"Eikholt\",\"description\":\"\",\"publisher\":{\"@id\":\"https:\/\/www.eikholt.no\/#organization\"},\"potentialAction\":[{\"@type\":\"SearchAction\",\"target\":{\"@type\":\"EntryPoint\",\"urlTemplate\":\"https:\/\/www.eikholt.no\/?s={search_term_string}\"},\"query-input\":{\"@type\":\"PropertyValueSpecification\",\"valueRequired\":true,\"valueName\":\"search_term_string\"}}],\"inLanguage\":\"da-DK\"},{\"@type\":\"Organization\",\"@id\":\"https:\/\/www.eikholt.no\/#organization\",\"name\":\"Eikholt\",\"url\":\"https:\/\/www.eikholt.no\/\",\"logo\":{\"@type\":\"ImageObject\",\"inLanguage\":\"da-DK\",\"@id\":\"https:\/\/www.eikholt.no\/#\/schema\/logo\/image\/\",\"url\":\"https:\/\/www.eikholt.no\/app\/uploads\/2024\/04\/cropped-Logo-Eikholt-ny.jpg\",\"contentUrl\":\"https:\/\/www.eikholt.no\/app\/uploads\/2024\/04\/cropped-Logo-Eikholt-ny.jpg\",\"width\":419,\"height\":209,\"caption\":\"Eikholt\"},\"image\":{\"@id\":\"https:\/\/www.eikholt.no\/#\/schema\/logo\/image\/\"},\"sameAs\":[\"https:\/\/www.facebook.com\/eikholt.kompetansesenter\"]},{\"@type\":\"Person\",\"@id\":\"https:\/\/www.eikholt.no\/#\/schema\/person\/823978105d8e2ddceb0963ff9eb0b816\",\"name\":\"eikholt\",\"image\":{\"@type\":\"ImageObject\",\"inLanguage\":\"da-DK\",\"@id\":\"https:\/\/www.eikholt.no\/#\/schema\/person\/image\/\",\"url\":\"https:\/\/www.eikholt.no\/app\/uploads\/2023\/10\/only-logo-96x96.png\",\"contentUrl\":\"https:\/\/www.eikholt.no\/app\/uploads\/2023\/10\/only-logo-96x96.png\",\"caption\":\"eikholt\"},\"url\":\"https:\/\/www.eikholt.no\/da\/artikler\/author\/eikholt\/\"}]}<\/script>\n<!-- \/ Yoast SEO plugin. -->","yoast_head_json":{"title":"Smartphone - et v\u00e6rkt\u00f8j til mestring - Eikholt","description":"For mennesker med kombineret syns- og h\u00f8reneds\u00e6ttelse kan en smartphone v\u00e6re et v\u00e6rkt\u00f8j, der hj\u00e6lper dem med at mestre deres hverdag og deltage.","robots":{"index":"index","follow":"follow","max-snippet":"max-snippet:-1","max-image-preview":"max-image-preview:large","max-video-preview":"max-video-preview:-1"},"canonical":"https:\/\/www.eikholt.no\/da\/artikler\/smartphone-et-vaerktoj-til-at-handtere-kombineret-syns-og-horenedsaettelse\/","og_locale":"da_DK","og_type":"article","og_title":"Smarttelefon - et verkt\u00f8y for mestring - Eikholt","og_description":"For personer med kombinert syns- og h\u00f8rselsnedsettelse, kan smarttelefon v\u00e6re et verkt\u00f8y for \u00e5 v\u00e6re mestre egen hverdag og v\u00e6re deltakende.","og_url":"https:\/\/www.eikholt.no\/da\/artikler\/smartphone-et-vaerktoj-til-at-handtere-kombineret-syns-og-horenedsaettelse\/","og_site_name":"Eikholt","article_publisher":"https:\/\/www.facebook.com\/eikholt.kompetansesenter","article_published_time":"2024-04-03T12:20:43+00:00","article_modified_time":"2024-10-31T10:51:30+00:00","og_image":[{"width":2560,"height":1707,"url":"https:\/\/www.eikholt.no\/app\/uploads\/2024\/04\/Smarttelefon-et-verktoy-for-mestring-artikkel-scaled.jpg","type":"image\/jpeg"}],"author":"eikholt","twitter_card":"summary_large_image","twitter_misc":{"Written by":"eikholt","Est. reading time":"2 minutes"},"schema":{"@context":"https:\/\/schema.org","@graph":[{"@type":"Article","@id":"https:\/\/www.eikholt.no\/artikler\/smarttelefon-et-verktoy-for-mestring-ved-kombinerts-syns-og-horselsnedsettelse\/#article","isPartOf":{"@id":"https:\/\/www.eikholt.no\/artikler\/smarttelefon-et-verktoy-for-mestring-ved-kombinerts-syns-og-horselsnedsettelse\/"},"author":{"name":"eikholt","@id":"https:\/\/www.eikholt.no\/#\/schema\/person\/823978105d8e2ddceb0963ff9eb0b816"},"headline":"Smarttelefon &#8211; et verkt\u00f8y for mestring","datePublished":"2024-04-03T12:20:43+00:00","dateModified":"2024-10-31T10:51:30+00:00","mainEntityOfPage":{"@id":"https:\/\/www.eikholt.no\/artikler\/smarttelefon-et-verktoy-for-mestring-ved-kombinerts-syns-og-horselsnedsettelse\/"},"wordCount":176,"publisher":{"@id":"https:\/\/www.eikholt.no\/#organization"},"image":{"@id":"https:\/\/www.eikholt.no\/artikler\/smarttelefon-et-verktoy-for-mestring-ved-kombinerts-syns-og-horselsnedsettelse\/#primaryimage"},"thumbnailUrl":"https:\/\/www.eikholt.no\/app\/uploads\/2024\/04\/Smarttelefon-et-verktoy-for-mestring-artikkel-scaled.jpg","articleSection":["Fagstoff"],"inLanguage":"da-DK"},{"@type":"WebPage","@id":"https:\/\/www.eikholt.no\/artikler\/smarttelefon-et-verktoy-for-mestring-ved-kombinerts-syns-og-horselsnedsettelse\/","url":"https:\/\/www.eikholt.no\/artikler\/smarttelefon-et-verktoy-for-mestring-ved-kombinerts-syns-og-horselsnedsettelse\/","name":"Smartphone - et v\u00e6rkt\u00f8j til mestring - Eikholt","isPartOf":{"@id":"https:\/\/www.eikholt.no\/#website"},"primaryImageOfPage":{"@id":"https:\/\/www.eikholt.no\/artikler\/smarttelefon-et-verktoy-for-mestring-ved-kombinerts-syns-og-horselsnedsettelse\/#primaryimage"},"image":{"@id":"https:\/\/www.eikholt.no\/artikler\/smarttelefon-et-verktoy-for-mestring-ved-kombinerts-syns-og-horselsnedsettelse\/#primaryimage"},"thumbnailUrl":"https:\/\/www.eikholt.no\/app\/uploads\/2024\/04\/Smarttelefon-et-verktoy-for-mestring-artikkel-scaled.jpg","datePublished":"2024-04-03T12:20:43+00:00","dateModified":"2024-10-31T10:51:30+00:00","description":"For mennesker med kombineret syns- og h\u00f8reneds\u00e6ttelse kan en smartphone v\u00e6re et v\u00e6rkt\u00f8j, der hj\u00e6lper dem med at mestre deres hverdag og deltage.","breadcrumb":{"@id":"https:\/\/www.eikholt.no\/artikler\/smarttelefon-et-verktoy-for-mestring-ved-kombinerts-syns-og-horselsnedsettelse\/#breadcrumb"},"inLanguage":"da-DK","potentialAction":[{"@type":"ReadAction","target":["https:\/\/www.eikholt.no\/artikler\/smarttelefon-et-verktoy-for-mestring-ved-kombinerts-syns-og-horselsnedsettelse\/"]}]},{"@type":"ImageObject","inLanguage":"da-DK","@id":"https:\/\/www.eikholt.no\/artikler\/smarttelefon-et-verktoy-for-mestring-ved-kombinerts-syns-og-horselsnedsettelse\/#primaryimage","url":"https:\/\/www.eikholt.no\/app\/uploads\/2024\/04\/Smarttelefon-et-verktoy-for-mestring-artikkel-scaled.jpg","contentUrl":"https:\/\/www.eikholt.no\/app\/uploads\/2024\/04\/Smarttelefon-et-verktoy-for-mestring-artikkel-scaled.jpg","width":2560,"height":1707,"caption":"Foto: Shutterstock"},{"@type":"BreadcrumbList","@id":"https:\/\/www.eikholt.no\/artikler\/smarttelefon-et-verktoy-for-mestring-ved-kombinerts-syns-og-horselsnedsettelse\/#breadcrumb","itemListElement":[{"@type":"ListItem","position":1,"name":"Forside","item":"https:\/\/www.eikholt.no\/"},{"@type":"ListItem","position":2,"name":"Smarttelefon &#8211; et verkt\u00f8y for mestring"}]},{"@type":"WebSite","@id":"https:\/\/www.eikholt.no\/#website","url":"https:\/\/www.eikholt.no\/","name":"Eikholt","description":"","publisher":{"@id":"https:\/\/www.eikholt.no\/#organization"},"potentialAction":[{"@type":"SearchAction","target":{"@type":"EntryPoint","urlTemplate":"https:\/\/www.eikholt.no\/?s={search_term_string}"},"query-input":{"@type":"PropertyValueSpecification","valueRequired":true,"valueName":"search_term_string"}}],"inLanguage":"da-DK"},{"@type":"Organization","@id":"https:\/\/www.eikholt.no\/#organization","name":"Eikholt","url":"https:\/\/www.eikholt.no\/","logo":{"@type":"ImageObject","inLanguage":"da-DK","@id":"https:\/\/www.eikholt.no\/#\/schema\/logo\/image\/","url":"https:\/\/www.eikholt.no\/app\/uploads\/2024\/04\/cropped-Logo-Eikholt-ny.jpg","contentUrl":"https:\/\/www.eikholt.no\/app\/uploads\/2024\/04\/cropped-Logo-Eikholt-ny.jpg","width":419,"height":209,"caption":"Eikholt"},"image":{"@id":"https:\/\/www.eikholt.no\/#\/schema\/logo\/image\/"},"sameAs":["https:\/\/www.facebook.com\/eikholt.kompetansesenter"]},{"@type":"Person","@id":"https:\/\/www.eikholt.no\/#\/schema\/person\/823978105d8e2ddceb0963ff9eb0b816","name":"Egelund","image":{"@type":"ImageObject","inLanguage":"da-DK","@id":"https:\/\/www.eikholt.no\/#\/schema\/person\/image\/","url":"https:\/\/www.eikholt.no\/app\/uploads\/2023\/10\/only-logo-96x96.png","contentUrl":"https:\/\/www.eikholt.no\/app\/uploads\/2023\/10\/only-logo-96x96.png","caption":"eikholt"},"url":"https:\/\/www.eikholt.no\/da\/artikler\/author\/eikholt\/"}]}},"_links":{"self":[{"href":"https:\/\/www.eikholt.no\/da\/wp-json\/wp\/v2\/posts\/2663","targetHints":{"allow":["GET"]}}],"collection":[{"href":"https:\/\/www.eikholt.no\/da\/wp-json\/wp\/v2\/posts"}],"about":[{"href":"https:\/\/www.eikholt.no\/da\/wp-json\/wp\/v2\/types\/post"}],"author":[{"embeddable":true,"href":"https:\/\/www.eikholt.no\/da\/wp-json\/wp\/v2\/users\/2"}],"replies":[{"embeddable":true,"href":"https:\/\/www.eikholt.no\/da\/wp-json\/wp\/v2\/comments?post=2663"}],"version-history":[{"count":18,"href":"https:\/\/www.eikholt.no\/da\/wp-json\/wp\/v2\/posts\/2663\/revisions"}],"predecessor-version":[{"id":2686,"href":"https:\/\/www.eikholt.no\/da\/wp-json\/wp\/v2\/posts\/2663\/revisions\/2686"}],"wp:featuredmedia":[{"embeddable":true,"href":"https:\/\/www.eikholt.no\/da\/wp-json\/wp\/v2\/media\/2664"}],"wp:attachment":[{"href":"https:\/\/www.eikholt.no\/da\/wp-json\/wp\/v2\/media?parent=2663"}],"wp:term":[{"taxonomy":"category","embeddable":true,"href":"https:\/\/www.eikholt.no\/da\/wp-json\/wp\/v2\/categories?post=2663"},{"taxonomy":"post_tag","embeddable":true,"href":"https:\/\/www.eikholt.no\/da\/wp-json\/wp\/v2\/tags?post=2663"}],"curies":[{"name":"wp","href":"https:\/\/api.w.org\/{rel}","templated":true}]}}