{"id":5922,"date":"2026-03-27T14:31:35","date_gmt":"2026-03-27T14:31:35","guid":{"rendered":"https:\/\/www.eikholt.no\/?p=5922"},"modified":"2026-03-27T14:41:02","modified_gmt":"2026-03-27T14:41:02","slug":"vil-du-bli-min-kollega-og-jobbe-med-sprak-og-kommunikasjon","status":"publish","type":"post","link":"https:\/\/www.eikholt.no\/da\/artikler\/vil-du-bli-min-kollega-og-jobbe-med-sprak-og-kommunikasjon\/","title":{"rendered":"Vil du gerne v\u00e6re en del af vores team og arbejde med sprog og kommunikation?"},"content":{"rendered":"<p><\/p>\n\n\n\n<h2 class=\"wp-block-heading\">R\u00e5dgiver sprog og kommunikation<\/h2>\n\n\n\n<p>\u00d8nsker du \u00e5 jobbe med spr\u00e5k og kommunikasjon for personer med kombinert syns- og h\u00f8rselsnedsettelse? Vi s\u00f8ker etter enda en medarbeider med bakgrunn som tegnspr\u00e5ktolk eller som behersker tegnspr\u00e5k godt, og som har erfaring med kombinert sansetap\/d\u00f8vblindhet. Ved Eikholt har vi et spisskompetent fagmilj\u00f8 der vi er opptatt av \u00e5 jobbe tverrfaglig. Kan dette bli din neste arbeidsplass?<\/p>\n\n\n\n<h2 class=\"wp-block-heading\">Arbejdopgaver<\/h2>\n\n\n\n<ul class=\"wp-block-list\">\n<li>Udvikl og gennemf\u00f8r tilpasningskurser individuelt og i grupper&nbsp;&nbsp;<\/li>\n\n\n\n<li>Kartl\u00e6gning af behov for habilitering og rehabilitering&nbsp;<\/li>\n\n\n\n<li>Tr\u00e6ning og vejledning i tegn til tale, tegnsprog, taktilt tegnsprog samt haptisk kommunikation og ledsagelse<\/li>\n\n\n\n<li>Vejledning og tr\u00e6ning til n\u00e6re personer og fagfolk<\/li>\n\n\n\n<li>Formidling og samarbejde med eksterne&nbsp;&nbsp;<\/li>\n\n\n\n<li>Tverrfagligt projektarbejde og tjenesteudvikling &nbsp;&nbsp;<\/li>\n<\/ul>\n\n\n\n<p><strong>Nogle rejser m\u00e5 forventes<\/strong>.<\/p>\n\n\n\n<h2 class=\"wp-block-heading\"><strong>Har du nogen af disse kvalifikationer<\/strong>?<\/h2>\n\n\n\n<ul class=\"wp-block-list\">\n<li>Uddannelse som tolk for d\u00f8ve, d\u00f8vblinde og h\u00f8re- eller synshandicappede<\/li>\n\n\n\n<li>Anden formel tegnsprogkompetence eller gode tegnsprogkundskaber<\/li>\n<\/ul>\n\n\n\n<h2 class=\"wp-block-heading\">Det er ikke et krav, men et \u00f8nske:<\/h2>\n\n\n\n<ul class=\"wp-block-list\">\n<li>P\u00e6dagogisk eller sundhedsfaglig og socialfaglig uddannelse<\/li>\n\n\n\n<li>Erfaring med m\u00e5lgruppen<\/li>\n\n\n\n<li>Undervisningserfaring<\/li>\n\n\n\n<li>R\u00e5dgivningsekspertise<\/li>\n\n\n\n<li>Erfaring med AAC (Supplerende og Alternativ Kommunikation)<\/li>\n<\/ul>\n\n\n\n<h2 class=\"wp-block-heading\">Vi v\u00e6gter<\/h2>\n\n\n\n<ul class=\"wp-block-list\">\n<li>Evne til at arbejde selvst\u00e6ndigt og systematisk<\/li>\n\n\n\n<li>Evne til at samarbejde p\u00e5 tv\u00e6rs af discipliner og i teams<\/li>\n\n\n\n<li>Your strong written and verbal communication skills<\/li>\n<\/ul>\n\n\n\n<h2 class=\"wp-block-heading\">Vi kan tilbyde dig<\/h2>\n\n\n\n<ul class=\"wp-block-list\">\n<li>L\u00f8n i henhold til aftale<\/li>\n\n\n\n<li>Gode pensions- og forsikringsordninger i KLP<\/li>\n\n\n\n<li>Deltagelse i faglige netv\u00e6rk, konferencer og kurser<\/li>\n\n\n\n<li>En arbejdsplads med h\u00f8j trivsel og motivation&nbsp;<\/li>\n\n\n\n<li>Sociale arrangementer i l\u00f8bet af \u00e5ret - fordi vi nyder at v\u00e6re sammen<\/li>\n\n\n\n<li>F\u00e6llesrejser, der styrker sammenholdet og skaber gode f\u00e6lles oplevelser<\/li>\n<\/ul>\n\n\n\n<p><strong>Ans\u00f8gninger med CV vurderes l\u00f8bende<\/strong>.<\/p>\n\n\n\n<div class=\"wp-block-sail-buttons left\">\n<a class=\"wp-block-sail-button filled teal\" href=\"https:\/\/www.finn.no\/job\/ad\/457408911\"><span>Send ans\u00f8gning<\/span><\/a>\n<\/div>\n\n\n\n<p><strong>Har du sp\u00f8rgsm\u00e5l, s\u00e5 kontakt:<\/strong><\/p>\n\n\n\n<p>Leder af sektionskurser, Hilde Melvold Osen p\u00e5 Mobile: <a href=\"http:\/\/+47 971 89 673\">+47 971 89 673<\/a> eller Fagsjef Thomas \u00d8verby p\u00e5 mobil: <a href=\"http:\/\/+47 902 74 668\">+47 902 74 668<\/a><\/p>\n\n\n\n<h2 class=\"wp-block-heading\">L\u00e6r os at kende!<\/h2>\n\n\n\n<p>Her kan du m\u00f8de nogle af os, der arbejder p\u00e5 Eikholt: <a href=\"https:\/\/www.eikholt.no\/da\/karriere-hos-eikholt\/\"><strong>Karriere - Eikholt<\/strong><\/a><\/p>\n\n\n\n<p>Vil du vite mer om hva vi gj\u00f8r? Les her om <a href=\"https:\/\/www.eikholt.no\/da\/om-os\/om-os-vores-mission\/\"><strong>vores missioner<\/strong><\/a> og <a href=\"https:\/\/www.eikholt.no\/da\/tjenester\/\"><strong>vores tjenester<\/strong><\/a><\/p>\n\n\n\n<p><\/p>\n\n\n\n<p><\/p>","protected":false},"excerpt":{"rendered":"<p>Har du lyst til at arbejde med sprog og kommunikation for mennesker med kombineret syns- og h\u00f8reneds\u00e6ttelse? Vi s\u00f8ger endnu en medarbejder med baggrund som tegnsprogstolk eller som behersker tegnsprog og har erfaring med kombineret sansetab\/d\u00f8vblindhed.<\/p>","protected":false},"author":2,"featured_media":5923,"comment_status":"closed","ping_status":"closed","sticky":false,"template":"","format":"standard","meta":{"_acf_changed":false,"inline_featured_image":false,"ep_exclude_from_search":false,"footnotes":""},"categories":[12],"tags":[92],"class_list":["post-5922","post","type-post","status-publish","format-standard","has-post-thumbnail","hentry","category-nyheter","tag-ledig-stilling"],"acf":[],"yoast_head":"<!-- This site is optimized with the Yoast SEO plugin v25.8 - https:\/\/yoast.com\/wordpress\/plugins\/seo\/ -->\n<title>Vil du bli v\u00e5r kollega og jobbe med spr\u00e5k og kommunikasjon? - Eikholt<\/title>\n<meta name=\"description\" content=\"Vi s\u00f8ker etter enda en medarbeider med bakgrunn som tegnspr\u00e5ktolk eller som behersker tegnspr\u00e5k godt. Les mer om stillingen her:\" \/>\n<meta name=\"robots\" content=\"index, follow, max-snippet:-1, max-image-preview:large, max-video-preview:-1\" \/>\n<link rel=\"canonical\" href=\"https:\/\/www.eikholt.no\/da\/artikler\/vil-du-bli-min-kollega-og-jobbe-med-sprak-og-kommunikasjon\/\" \/>\n<meta property=\"og:locale\" content=\"da_DK\" \/>\n<meta property=\"og:type\" content=\"article\" \/>\n<meta property=\"og:title\" content=\"Vil du bli v\u00e5r kollega og jobbe med spr\u00e5k og kommunikasjon? - Eikholt\" \/>\n<meta property=\"og:description\" content=\"Vi s\u00f8ker etter enda en medarbeider med bakgrunn som tegnspr\u00e5ktolk eller som behersker tegnspr\u00e5k godt. Les mer om stillingen her:\" \/>\n<meta property=\"og:url\" content=\"https:\/\/www.eikholt.no\/da\/artikler\/vil-du-bli-min-kollega-og-jobbe-med-sprak-og-kommunikasjon\/\" \/>\n<meta property=\"og:site_name\" content=\"Eikholt\" \/>\n<meta property=\"article:publisher\" content=\"https:\/\/www.facebook.com\/eikholt.kompetansesenter\" \/>\n<meta property=\"article:published_time\" content=\"2026-03-27T14:31:35+00:00\" \/>\n<meta property=\"article:modified_time\" content=\"2026-03-27T14:41:02+00:00\" \/>\n<meta property=\"og:image\" content=\"https:\/\/www.eikholt.no\/app\/uploads\/2026\/03\/Modeller-Utendors-liten-bro-Rogerpen-Anna-og-Nazar-6-1024x740.jpg\" \/>\n\t<meta property=\"og:image:width\" content=\"1024\" \/>\n\t<meta property=\"og:image:height\" content=\"740\" \/>\n\t<meta property=\"og:image:type\" content=\"image\/jpeg\" \/>\n<meta name=\"author\" content=\"eikholt\" \/>\n<meta name=\"twitter:card\" content=\"summary_large_image\" \/>\n<meta name=\"twitter:label1\" content=\"Written by\" \/>\n\t<meta name=\"twitter:data1\" content=\"eikholt\" \/>\n\t<meta name=\"twitter:label2\" content=\"Est. reading time\" \/>\n\t<meta name=\"twitter:data2\" content=\"2 minutes\" \/>\n<script type=\"application\/ld+json\" class=\"yoast-schema-graph\">{\"@context\":\"https:\/\/schema.org\",\"@graph\":[{\"@type\":\"Article\",\"@id\":\"https:\/\/www.eikholt.no\/artikler\/vil-du-bli-var-kollega-og-jobbe-med-sprak-og-kommunikasjon\/#article\",\"isPartOf\":{\"@id\":\"https:\/\/www.eikholt.no\/artikler\/vil-du-bli-var-kollega-og-jobbe-med-sprak-og-kommunikasjon\/\"},\"author\":{\"name\":\"eikholt\",\"@id\":\"https:\/\/www.eikholt.no\/#\/schema\/person\/823978105d8e2ddceb0963ff9eb0b816\"},\"headline\":\"Vil du bli v\u00e5r kollega og jobbe med spr\u00e5k og kommunikasjon?\",\"datePublished\":\"2026-03-27T14:31:35+00:00\",\"dateModified\":\"2026-03-27T14:41:02+00:00\",\"mainEntityOfPage\":{\"@id\":\"https:\/\/www.eikholt.no\/artikler\/vil-du-bli-var-kollega-og-jobbe-med-sprak-og-kommunikasjon\/\"},\"wordCount\":340,\"publisher\":{\"@id\":\"https:\/\/www.eikholt.no\/#organization\"},\"image\":{\"@id\":\"https:\/\/www.eikholt.no\/artikler\/vil-du-bli-var-kollega-og-jobbe-med-sprak-og-kommunikasjon\/#primaryimage\"},\"thumbnailUrl\":\"https:\/\/www.eikholt.no\/app\/uploads\/2026\/03\/Modeller-Utendors-liten-bro-Rogerpen-Anna-og-Nazar-6.jpg\",\"keywords\":[\"Ledig stilling\"],\"articleSection\":[\"Nyheter\"],\"inLanguage\":\"da-DK\"},{\"@type\":\"WebPage\",\"@id\":\"https:\/\/www.eikholt.no\/artikler\/vil-du-bli-var-kollega-og-jobbe-med-sprak-og-kommunikasjon\/\",\"url\":\"https:\/\/www.eikholt.no\/artikler\/vil-du-bli-var-kollega-og-jobbe-med-sprak-og-kommunikasjon\/\",\"name\":\"Vil du bli v\u00e5r kollega og jobbe med spr\u00e5k og kommunikasjon? - Eikholt\",\"isPartOf\":{\"@id\":\"https:\/\/www.eikholt.no\/#website\"},\"primaryImageOfPage\":{\"@id\":\"https:\/\/www.eikholt.no\/artikler\/vil-du-bli-var-kollega-og-jobbe-med-sprak-og-kommunikasjon\/#primaryimage\"},\"image\":{\"@id\":\"https:\/\/www.eikholt.no\/artikler\/vil-du-bli-var-kollega-og-jobbe-med-sprak-og-kommunikasjon\/#primaryimage\"},\"thumbnailUrl\":\"https:\/\/www.eikholt.no\/app\/uploads\/2026\/03\/Modeller-Utendors-liten-bro-Rogerpen-Anna-og-Nazar-6.jpg\",\"datePublished\":\"2026-03-27T14:31:35+00:00\",\"dateModified\":\"2026-03-27T14:41:02+00:00\",\"description\":\"Vi s\u00f8ker etter enda en medarbeider med bakgrunn som tegnspr\u00e5ktolk eller som behersker tegnspr\u00e5k godt. Les mer om stillingen her:\",\"breadcrumb\":{\"@id\":\"https:\/\/www.eikholt.no\/artikler\/vil-du-bli-var-kollega-og-jobbe-med-sprak-og-kommunikasjon\/#breadcrumb\"},\"inLanguage\":\"da-DK\",\"potentialAction\":[{\"@type\":\"ReadAction\",\"target\":[\"https:\/\/www.eikholt.no\/artikler\/vil-du-bli-var-kollega-og-jobbe-med-sprak-og-kommunikasjon\/\"]}]},{\"@type\":\"ImageObject\",\"inLanguage\":\"da-DK\",\"@id\":\"https:\/\/www.eikholt.no\/artikler\/vil-du-bli-var-kollega-og-jobbe-med-sprak-og-kommunikasjon\/#primaryimage\",\"url\":\"https:\/\/www.eikholt.no\/app\/uploads\/2026\/03\/Modeller-Utendors-liten-bro-Rogerpen-Anna-og-Nazar-6.jpg\",\"contentUrl\":\"https:\/\/www.eikholt.no\/app\/uploads\/2026\/03\/Modeller-Utendors-liten-bro-Rogerpen-Anna-og-Nazar-6.jpg\",\"width\":2400,\"height\":1735,\"caption\":\"Et barn og en voksen lener seg mot et rekkverk og ser ned. barnet har caps og rogerpenn. Den vokssne bruker filterbriller.\"},{\"@type\":\"BreadcrumbList\",\"@id\":\"https:\/\/www.eikholt.no\/artikler\/vil-du-bli-var-kollega-og-jobbe-med-sprak-og-kommunikasjon\/#breadcrumb\",\"itemListElement\":[{\"@type\":\"ListItem\",\"position\":1,\"name\":\"Forside\",\"item\":\"https:\/\/www.eikholt.no\/\"},{\"@type\":\"ListItem\",\"position\":2,\"name\":\"Vil du bli v\u00e5r kollega og jobbe med spr\u00e5k og kommunikasjon?\"}]},{\"@type\":\"WebSite\",\"@id\":\"https:\/\/www.eikholt.no\/#website\",\"url\":\"https:\/\/www.eikholt.no\/\",\"name\":\"Eikholt\",\"description\":\"\",\"publisher\":{\"@id\":\"https:\/\/www.eikholt.no\/#organization\"},\"potentialAction\":[{\"@type\":\"SearchAction\",\"target\":{\"@type\":\"EntryPoint\",\"urlTemplate\":\"https:\/\/www.eikholt.no\/?s={search_term_string}\"},\"query-input\":{\"@type\":\"PropertyValueSpecification\",\"valueRequired\":true,\"valueName\":\"search_term_string\"}}],\"inLanguage\":\"da-DK\"},{\"@type\":\"Organization\",\"@id\":\"https:\/\/www.eikholt.no\/#organization\",\"name\":\"Eikholt\",\"url\":\"https:\/\/www.eikholt.no\/\",\"logo\":{\"@type\":\"ImageObject\",\"inLanguage\":\"da-DK\",\"@id\":\"https:\/\/www.eikholt.no\/#\/schema\/logo\/image\/\",\"url\":\"https:\/\/www.eikholt.no\/app\/uploads\/2024\/04\/cropped-Logo-Eikholt-ny.jpg\",\"contentUrl\":\"https:\/\/www.eikholt.no\/app\/uploads\/2024\/04\/cropped-Logo-Eikholt-ny.jpg\",\"width\":419,\"height\":209,\"caption\":\"Eikholt\"},\"image\":{\"@id\":\"https:\/\/www.eikholt.no\/#\/schema\/logo\/image\/\"},\"sameAs\":[\"https:\/\/www.facebook.com\/eikholt.kompetansesenter\"]},{\"@type\":\"Person\",\"@id\":\"https:\/\/www.eikholt.no\/#\/schema\/person\/823978105d8e2ddceb0963ff9eb0b816\",\"name\":\"eikholt\",\"image\":{\"@type\":\"ImageObject\",\"inLanguage\":\"da-DK\",\"@id\":\"https:\/\/www.eikholt.no\/#\/schema\/person\/image\/\",\"url\":\"https:\/\/www.eikholt.no\/app\/uploads\/2023\/10\/only-logo-96x96.png\",\"contentUrl\":\"https:\/\/www.eikholt.no\/app\/uploads\/2023\/10\/only-logo-96x96.png\",\"caption\":\"eikholt\"},\"url\":\"https:\/\/www.eikholt.no\/da\/artikler\/author\/eikholt\/\"}]}<\/script>\n<!-- \/ Yoast SEO plugin. -->","yoast_head_json":{"title":"Vil du blive vores kollega og arbejde med sprog og kommunikation? - Eikholt","description":"Vi s\u00f8ger endnu en medarbejder med baggrund som tegnsprogstolk eller som behersker tegnsprog godt. L\u00e6s mere om stillingen her:","robots":{"index":"index","follow":"follow","max-snippet":"max-snippet:-1","max-image-preview":"max-image-preview:large","max-video-preview":"max-video-preview:-1"},"canonical":"https:\/\/www.eikholt.no\/da\/artikler\/vil-du-bli-min-kollega-og-jobbe-med-sprak-og-kommunikasjon\/","og_locale":"da_DK","og_type":"article","og_title":"Vil du bli v\u00e5r kollega og jobbe med spr\u00e5k og kommunikasjon? - Eikholt","og_description":"Vi s\u00f8ker etter enda en medarbeider med bakgrunn som tegnspr\u00e5ktolk eller som behersker tegnspr\u00e5k godt. Les mer om stillingen her:","og_url":"https:\/\/www.eikholt.no\/da\/artikler\/vil-du-bli-min-kollega-og-jobbe-med-sprak-og-kommunikasjon\/","og_site_name":"Eikholt","article_publisher":"https:\/\/www.facebook.com\/eikholt.kompetansesenter","article_published_time":"2026-03-27T14:31:35+00:00","article_modified_time":"2026-03-27T14:41:02+00:00","og_image":[{"width":1024,"height":740,"url":"https:\/\/www.eikholt.no\/app\/uploads\/2026\/03\/Modeller-Utendors-liten-bro-Rogerpen-Anna-og-Nazar-6-1024x740.jpg","type":"image\/jpeg"}],"author":"eikholt","twitter_card":"summary_large_image","twitter_misc":{"Written by":"eikholt","Est. reading time":"2 minutes"},"schema":{"@context":"https:\/\/schema.org","@graph":[{"@type":"Article","@id":"https:\/\/www.eikholt.no\/artikler\/vil-du-bli-var-kollega-og-jobbe-med-sprak-og-kommunikasjon\/#article","isPartOf":{"@id":"https:\/\/www.eikholt.no\/artikler\/vil-du-bli-var-kollega-og-jobbe-med-sprak-og-kommunikasjon\/"},"author":{"name":"eikholt","@id":"https:\/\/www.eikholt.no\/#\/schema\/person\/823978105d8e2ddceb0963ff9eb0b816"},"headline":"Vil du bli v\u00e5r kollega og jobbe med spr\u00e5k og kommunikasjon?","datePublished":"2026-03-27T14:31:35+00:00","dateModified":"2026-03-27T14:41:02+00:00","mainEntityOfPage":{"@id":"https:\/\/www.eikholt.no\/artikler\/vil-du-bli-var-kollega-og-jobbe-med-sprak-og-kommunikasjon\/"},"wordCount":340,"publisher":{"@id":"https:\/\/www.eikholt.no\/#organization"},"image":{"@id":"https:\/\/www.eikholt.no\/artikler\/vil-du-bli-var-kollega-og-jobbe-med-sprak-og-kommunikasjon\/#primaryimage"},"thumbnailUrl":"https:\/\/www.eikholt.no\/app\/uploads\/2026\/03\/Modeller-Utendors-liten-bro-Rogerpen-Anna-og-Nazar-6.jpg","keywords":["Ledig stilling"],"articleSection":["Nyheter"],"inLanguage":"da-DK"},{"@type":"WebPage","@id":"https:\/\/www.eikholt.no\/artikler\/vil-du-bli-var-kollega-og-jobbe-med-sprak-og-kommunikasjon\/","url":"https:\/\/www.eikholt.no\/artikler\/vil-du-bli-var-kollega-og-jobbe-med-sprak-og-kommunikasjon\/","name":"Vil du blive vores kollega og arbejde med sprog og kommunikation? - Eikholt","isPartOf":{"@id":"https:\/\/www.eikholt.no\/#website"},"primaryImageOfPage":{"@id":"https:\/\/www.eikholt.no\/artikler\/vil-du-bli-var-kollega-og-jobbe-med-sprak-og-kommunikasjon\/#primaryimage"},"image":{"@id":"https:\/\/www.eikholt.no\/artikler\/vil-du-bli-var-kollega-og-jobbe-med-sprak-og-kommunikasjon\/#primaryimage"},"thumbnailUrl":"https:\/\/www.eikholt.no\/app\/uploads\/2026\/03\/Modeller-Utendors-liten-bro-Rogerpen-Anna-og-Nazar-6.jpg","datePublished":"2026-03-27T14:31:35+00:00","dateModified":"2026-03-27T14:41:02+00:00","description":"Vi s\u00f8ger endnu en medarbejder med baggrund som tegnsprogstolk eller som behersker tegnsprog godt. L\u00e6s mere om stillingen her:","breadcrumb":{"@id":"https:\/\/www.eikholt.no\/artikler\/vil-du-bli-var-kollega-og-jobbe-med-sprak-og-kommunikasjon\/#breadcrumb"},"inLanguage":"da-DK","potentialAction":[{"@type":"ReadAction","target":["https:\/\/www.eikholt.no\/artikler\/vil-du-bli-var-kollega-og-jobbe-med-sprak-og-kommunikasjon\/"]}]},{"@type":"ImageObject","inLanguage":"da-DK","@id":"https:\/\/www.eikholt.no\/artikler\/vil-du-bli-var-kollega-og-jobbe-med-sprak-og-kommunikasjon\/#primaryimage","url":"https:\/\/www.eikholt.no\/app\/uploads\/2026\/03\/Modeller-Utendors-liten-bro-Rogerpen-Anna-og-Nazar-6.jpg","contentUrl":"https:\/\/www.eikholt.no\/app\/uploads\/2026\/03\/Modeller-Utendors-liten-bro-Rogerpen-Anna-og-Nazar-6.jpg","width":2400,"height":1735,"caption":"Et barn og en voksen lener seg mot et rekkverk og ser ned. barnet har caps og rogerpenn. Den vokssne bruker filterbriller."},{"@type":"BreadcrumbList","@id":"https:\/\/www.eikholt.no\/artikler\/vil-du-bli-var-kollega-og-jobbe-med-sprak-og-kommunikasjon\/#breadcrumb","itemListElement":[{"@type":"ListItem","position":1,"name":"Forside","item":"https:\/\/www.eikholt.no\/"},{"@type":"ListItem","position":2,"name":"Vil du bli v\u00e5r kollega og jobbe med spr\u00e5k og kommunikasjon?"}]},{"@type":"WebSite","@id":"https:\/\/www.eikholt.no\/#website","url":"https:\/\/www.eikholt.no\/","name":"Eikholt","description":"","publisher":{"@id":"https:\/\/www.eikholt.no\/#organization"},"potentialAction":[{"@type":"SearchAction","target":{"@type":"EntryPoint","urlTemplate":"https:\/\/www.eikholt.no\/?s={search_term_string}"},"query-input":{"@type":"PropertyValueSpecification","valueRequired":true,"valueName":"search_term_string"}}],"inLanguage":"da-DK"},{"@type":"Organization","@id":"https:\/\/www.eikholt.no\/#organization","name":"Eikholt","url":"https:\/\/www.eikholt.no\/","logo":{"@type":"ImageObject","inLanguage":"da-DK","@id":"https:\/\/www.eikholt.no\/#\/schema\/logo\/image\/","url":"https:\/\/www.eikholt.no\/app\/uploads\/2024\/04\/cropped-Logo-Eikholt-ny.jpg","contentUrl":"https:\/\/www.eikholt.no\/app\/uploads\/2024\/04\/cropped-Logo-Eikholt-ny.jpg","width":419,"height":209,"caption":"Eikholt"},"image":{"@id":"https:\/\/www.eikholt.no\/#\/schema\/logo\/image\/"},"sameAs":["https:\/\/www.facebook.com\/eikholt.kompetansesenter"]},{"@type":"Person","@id":"https:\/\/www.eikholt.no\/#\/schema\/person\/823978105d8e2ddceb0963ff9eb0b816","name":"Egelund","image":{"@type":"ImageObject","inLanguage":"da-DK","@id":"https:\/\/www.eikholt.no\/#\/schema\/person\/image\/","url":"https:\/\/www.eikholt.no\/app\/uploads\/2023\/10\/only-logo-96x96.png","contentUrl":"https:\/\/www.eikholt.no\/app\/uploads\/2023\/10\/only-logo-96x96.png","caption":"eikholt"},"url":"https:\/\/www.eikholt.no\/da\/artikler\/author\/eikholt\/"}]}},"_links":{"self":[{"href":"https:\/\/www.eikholt.no\/da\/wp-json\/wp\/v2\/posts\/5922","targetHints":{"allow":["GET"]}}],"collection":[{"href":"https:\/\/www.eikholt.no\/da\/wp-json\/wp\/v2\/posts"}],"about":[{"href":"https:\/\/www.eikholt.no\/da\/wp-json\/wp\/v2\/types\/post"}],"author":[{"embeddable":true,"href":"https:\/\/www.eikholt.no\/da\/wp-json\/wp\/v2\/users\/2"}],"replies":[{"embeddable":true,"href":"https:\/\/www.eikholt.no\/da\/wp-json\/wp\/v2\/comments?post=5922"}],"version-history":[{"count":6,"href":"https:\/\/www.eikholt.no\/da\/wp-json\/wp\/v2\/posts\/5922\/revisions"}],"predecessor-version":[{"id":5932,"href":"https:\/\/www.eikholt.no\/da\/wp-json\/wp\/v2\/posts\/5922\/revisions\/5932"}],"wp:featuredmedia":[{"embeddable":true,"href":"https:\/\/www.eikholt.no\/da\/wp-json\/wp\/v2\/media\/5923"}],"wp:attachment":[{"href":"https:\/\/www.eikholt.no\/da\/wp-json\/wp\/v2\/media?parent=5922"}],"wp:term":[{"taxonomy":"category","embeddable":true,"href":"https:\/\/www.eikholt.no\/da\/wp-json\/wp\/v2\/categories?post=5922"},{"taxonomy":"post_tag","embeddable":true,"href":"https:\/\/www.eikholt.no\/da\/wp-json\/wp\/v2\/tags?post=5922"}],"curies":[{"name":"wp","href":"https:\/\/api.w.org\/{rel}","templated":true}]}}