{"id":729,"date":"2015-09-22T11:44:00","date_gmt":"2015-09-22T11:44:00","guid":{"rendered":"https:\/\/www.eikholt.no\/?p=729"},"modified":"2025-10-30T12:07:53","modified_gmt":"2025-10-30T12:07:53","slug":"tvaerfaglig-funktionsvurdering-pa-eikholt","status":"publish","type":"post","link":"https:\/\/www.eikholt.no\/da\/artikler\/tvaerfaglig-funktionsvurdering-pa-eikholt\/","title":{"rendered":"Tv\u00e6rfaglig funktionsvurdering p\u00e5 Eikholt"},"content":{"rendered":"<p>\"Silje\" er 9 \u00e5r gammel og kan ikke tale. Hun er f\u00f8dt med en kromosomfejl, der g\u00f8r hende b\u00e5de tungh\u00f8r og svagtseende, samt flere andre indl\u00e6rings- og udviklingsvanskeligheder, der forhindrer hende i at g\u00e5 oprejst uden hj\u00e6lp. P\u00e5 trods af de udfordringer, livet har givet hende, har Silje udviklet sig til en nysgerrig og glad pige. Hendes verden ser ikke ud som vores - hun udforsker den prim\u00e6rt gennem sine taktile sanser, dvs. sine h\u00e6nder, og kun i begr\u00e6nset omfang gennem syn og h\u00f8relse.<\/p>\n\n\n\n<p>Sidste \u00e5r m\u00f8dtes Silje og hendes for\u00e6ldre med en ekspert i kommunikationsudvikling fra Eikholt, Kari Schj\u00f8ll Brede. Det blev starten p\u00e5 et samarbejde mellem hendes for\u00e6ldre, hendes regionale og lokale st\u00f8ttetjenester, Signo Kompetencecenter og Eikholt Ressourcecenter for D\u00f8vblinde. Dette arbejde resulterede i denne uge i realiseringen af et omfattende kursus med et tv\u00e6rfagligt fokus fra eksperter i syn, h\u00f8relse, kommunikation og neuropsykologi. Signo Kompetencecenter bidrog til kursusdagene med neuropsykolog Lynn Skei og specialundervisningsl\u00e6rer Anni Lise Ellefsen. Fra Eikholt deltog Rolf Mj\u00f8nes og Magnus Tollefsrud med h\u00f8relse som faglig styrke, synsp\u00e6dagogerne Line Hovland og Ann-Britt Johansson og Kari Schj\u00f8ll Brede med deres fokus p\u00e5 muligheder for sprogudvikling.<\/p>\n\n\n\n<figure class=\"wp-block-image size-large\"><img loading=\"lazy\" decoding=\"async\" width=\"683\" height=\"1024\" src=\"https:\/\/www.eikholt.no\/app\/uploads\/2023\/06\/MG_9239-683x1024.jpg\" alt=\"\" class=\"wp-image-730\" srcset=\"https:\/\/www.eikholt.no\/app\/uploads\/2023\/06\/MG_9239-683x1024.jpg 683w, https:\/\/www.eikholt.no\/app\/uploads\/2023\/06\/MG_9239-200x300.jpg 200w, https:\/\/www.eikholt.no\/app\/uploads\/2023\/06\/MG_9239-768x1152.jpg 768w, https:\/\/www.eikholt.no\/app\/uploads\/2023\/06\/MG_9239-1024x1536.jpg 1024w, https:\/\/www.eikholt.no\/app\/uploads\/2023\/06\/MG_9239-1365x2048.jpg 1365w, https:\/\/www.eikholt.no\/app\/uploads\/2023\/06\/MG_9239-scaled.jpg 1707w\" sizes=\"auto, (max-width: 683px) 100vw, 683px\" \/><\/figure>\n\n\n\n<p>P\u00e5 Eikholt's nyetablerede klinik for syn og h\u00f8relse er denne type vurdering blevet gjort lettere ved at installere et kamera i det rum, hvor arbejdet med Silje fandt sted. Det giver os mulighed for at begr\u00e6nse antallet af fagfolk i dette rum, og de, der har brug for at observere testene, kan g\u00f8re det i et separat observationsrum med en stor sk\u00e6rm og et videolink til testrummet. Kameraet er motoriseret og kan fjernstyres af observat\u00f8rerne. Dette f\u00f8jer sig til r\u00e6kken af moderne l\u00f8sninger, der er kommet til Eikholt, og er en del af vores fokus p\u00e5 tv\u00e6rfagligt samarbejde og behovet for at se syn og h\u00f8relse i sammenh\u00e6ng.<\/p>\n\n\n\n<p>Resultatet af det tre dage lange kursus var en ny forst\u00e5else af Siljes potentiale og mange ideer til, hvordan de professionelle fra NKDB, som Eikholt er en del af, kan forts\u00e6tte med at arbejde sammen om at hj\u00e6lpe Silje. Allerede i denne uge havde vi sammen med for\u00e6ldrene og Lynn Skei fra Signo et videom\u00f8de med lederen af PPD-centret i regionen, to l\u00e6rere fra skolen og en konsulent fra Regionalt Center for D\u00f8vblindhed. P\u00e5 m\u00f8det blev unders\u00f8gelsens resultater opsummeret med input til f\u00f8rst og fremmest kurser i hjemkommunen, men ogs\u00e5 mulige muligheder, og hvilken hj\u00e6lp der er til r\u00e5dighed for Silje, hendes familie og ikke mindst skolen og det lokale st\u00f8ttesystem.<\/p>\n\n\n\n<p>Eikholt er stolt af at v\u00e6re en levende arena, der hj\u00e6lper med at udvikle og formidle ekspertise om kombineret syns- og h\u00f8reneds\u00e6ttelse til myndigheder s\u00e5vel som p\u00e5r\u00f8rende og andre fagfolk. Vi ser frem til nye \"cases\" som Silje og ved, at arbejdet med hende kun lige er begyndt.<\/p>\n\n\n\n<p><em><strong>Dette indhold er mere end 3 \u00e5r gammelt og kan indeholde oplysninger, der ikke l\u00e6ngere er opdaterede.<\/strong><\/em>.<\/p>\n\n\n\n<h2 class=\"wp-block-heading\">Er du interesseret i tilbud til mennesker med b\u00e5de syns- og h\u00f8reneds\u00e6ttelse?<\/h2>\n\n\n\n<p>L\u00e6s mere om Eikholt's tjenester p\u00e5 dette link:&nbsp;<a href=\"https:\/\/www.eikholt.no\/da\/tjenester\/\"><strong>vores tjenester<\/strong><\/a><\/p>\n\n\n\n<p><strong>\u00d8nsker du at komme i kontakt med Eikholt?<\/strong>&nbsp;Du kan finde kontaktoplysninger her:&nbsp;<a href=\"https:\/\/www.eikholt.no\/da\/kontakt-os\/\"><strong>Kontakt os<\/strong><\/a><\/p>","protected":false},"excerpt":{"rendered":"<p>Mange dygtige fagfolk var p\u00e5 h\u00e5rdt arbejde p\u00e5 Eikholt i uge 24, da 9-\u00e5rige Silje deltog i en tv\u00e6rfaglig funktionsvurdering i samarbejde med Signo.<\/p>","protected":false},"author":2,"featured_media":0,"comment_status":"closed","ping_status":"closed","sticky":false,"template":"","format":"standard","meta":{"_acf_changed":false,"inline_featured_image":false,"ep_exclude_from_search":false,"footnotes":""},"categories":[12],"tags":[],"class_list":["post-729","post","type-post","status-publish","format-standard","hentry","category-nyheter"],"acf":[],"yoast_head":"<!-- This site is optimized with the Yoast SEO plugin v25.8 - https:\/\/yoast.com\/wordpress\/plugins\/seo\/ -->\n<title>Tverrfaglig funksjonsutredning p\u00e5 Eikholt - Eikholt<\/title>\n<meta name=\"robots\" content=\"index, follow, max-snippet:-1, max-image-preview:large, max-video-preview:-1\" \/>\n<link rel=\"canonical\" href=\"https:\/\/www.eikholt.no\/da\/artikler\/tvaerfaglig-funktionsvurdering-pa-eikholt\/\" \/>\n<meta property=\"og:locale\" content=\"da_DK\" \/>\n<meta property=\"og:type\" content=\"article\" \/>\n<meta property=\"og:title\" content=\"Tverrfaglig funksjonsutredning p\u00e5 Eikholt - Eikholt\" \/>\n<meta property=\"og:description\" content=\"Mange dyktige fagpersoner var i sving p\u00e5 Eikholt i uke 24 da 9 \u00e5r gamle Silje deltok p\u00e5 en tverrfaglig funksjonsutredning i samarbeid med Signo.\" \/>\n<meta property=\"og:url\" content=\"https:\/\/www.eikholt.no\/da\/artikler\/tvaerfaglig-funktionsvurdering-pa-eikholt\/\" \/>\n<meta property=\"og:site_name\" content=\"Eikholt\" \/>\n<meta property=\"article:publisher\" content=\"https:\/\/www.facebook.com\/eikholt.kompetansesenter\" \/>\n<meta property=\"article:published_time\" content=\"2015-09-22T11:44:00+00:00\" \/>\n<meta property=\"article:modified_time\" content=\"2025-10-30T12:07:53+00:00\" \/>\n<meta property=\"og:image\" content=\"https:\/\/www.eikholt.no\/app\/uploads\/2023\/06\/MG_9239-scaled.jpg\" \/>\n\t<meta property=\"og:image:width\" content=\"1707\" \/>\n\t<meta property=\"og:image:height\" content=\"2560\" \/>\n\t<meta property=\"og:image:type\" content=\"image\/jpeg\" \/>\n<meta name=\"author\" content=\"eikholt\" \/>\n<meta name=\"twitter:card\" content=\"summary_large_image\" \/>\n<meta name=\"twitter:label1\" content=\"Written by\" \/>\n\t<meta name=\"twitter:data1\" content=\"eikholt\" \/>\n\t<meta name=\"twitter:label2\" content=\"Est. reading time\" \/>\n\t<meta name=\"twitter:data2\" content=\"3 minutes\" \/>\n<script type=\"application\/ld+json\" class=\"yoast-schema-graph\">{\"@context\":\"https:\/\/schema.org\",\"@graph\":[{\"@type\":\"Article\",\"@id\":\"https:\/\/www.eikholt.no\/artikler\/tverrfaglig-funksjonsutredning-pa-eikholt\/#article\",\"isPartOf\":{\"@id\":\"https:\/\/www.eikholt.no\/artikler\/tverrfaglig-funksjonsutredning-pa-eikholt\/\"},\"author\":{\"name\":\"eikholt\",\"@id\":\"https:\/\/www.eikholt.no\/#\/schema\/person\/823978105d8e2ddceb0963ff9eb0b816\"},\"headline\":\"Tverrfaglig funksjonsutredning p\u00e5 Eikholt\",\"datePublished\":\"2015-09-22T11:44:00+00:00\",\"dateModified\":\"2025-10-30T12:07:53+00:00\",\"mainEntityOfPage\":{\"@id\":\"https:\/\/www.eikholt.no\/artikler\/tverrfaglig-funksjonsutredning-pa-eikholt\/\"},\"wordCount\":533,\"publisher\":{\"@id\":\"https:\/\/www.eikholt.no\/#organization\"},\"image\":{\"@id\":\"https:\/\/www.eikholt.no\/artikler\/tverrfaglig-funksjonsutredning-pa-eikholt\/#primaryimage\"},\"thumbnailUrl\":\"https:\/\/www.eikholt.no\/app\/uploads\/2023\/06\/MG_9239-683x1024.jpg\",\"articleSection\":[\"Nyheter\"],\"inLanguage\":\"da-DK\"},{\"@type\":\"WebPage\",\"@id\":\"https:\/\/www.eikholt.no\/artikler\/tverrfaglig-funksjonsutredning-pa-eikholt\/\",\"url\":\"https:\/\/www.eikholt.no\/artikler\/tverrfaglig-funksjonsutredning-pa-eikholt\/\",\"name\":\"Tverrfaglig funksjonsutredning p\u00e5 Eikholt - Eikholt\",\"isPartOf\":{\"@id\":\"https:\/\/www.eikholt.no\/#website\"},\"primaryImageOfPage\":{\"@id\":\"https:\/\/www.eikholt.no\/artikler\/tverrfaglig-funksjonsutredning-pa-eikholt\/#primaryimage\"},\"image\":{\"@id\":\"https:\/\/www.eikholt.no\/artikler\/tverrfaglig-funksjonsutredning-pa-eikholt\/#primaryimage\"},\"thumbnailUrl\":\"https:\/\/www.eikholt.no\/app\/uploads\/2023\/06\/MG_9239-683x1024.jpg\",\"datePublished\":\"2015-09-22T11:44:00+00:00\",\"dateModified\":\"2025-10-30T12:07:53+00:00\",\"breadcrumb\":{\"@id\":\"https:\/\/www.eikholt.no\/artikler\/tverrfaglig-funksjonsutredning-pa-eikholt\/#breadcrumb\"},\"inLanguage\":\"da-DK\",\"potentialAction\":[{\"@type\":\"ReadAction\",\"target\":[\"https:\/\/www.eikholt.no\/artikler\/tverrfaglig-funksjonsutredning-pa-eikholt\/\"]}]},{\"@type\":\"ImageObject\",\"inLanguage\":\"da-DK\",\"@id\":\"https:\/\/www.eikholt.no\/artikler\/tverrfaglig-funksjonsutredning-pa-eikholt\/#primaryimage\",\"url\":\"https:\/\/www.eikholt.no\/app\/uploads\/2023\/06\/MG_9239-683x1024.jpg\",\"contentUrl\":\"https:\/\/www.eikholt.no\/app\/uploads\/2023\/06\/MG_9239-683x1024.jpg\"},{\"@type\":\"BreadcrumbList\",\"@id\":\"https:\/\/www.eikholt.no\/artikler\/tverrfaglig-funksjonsutredning-pa-eikholt\/#breadcrumb\",\"itemListElement\":[{\"@type\":\"ListItem\",\"position\":1,\"name\":\"Forside\",\"item\":\"https:\/\/www.eikholt.no\/\"},{\"@type\":\"ListItem\",\"position\":2,\"name\":\"Tverrfaglig funksjonsutredning p\u00e5 Eikholt\"}]},{\"@type\":\"WebSite\",\"@id\":\"https:\/\/www.eikholt.no\/#website\",\"url\":\"https:\/\/www.eikholt.no\/\",\"name\":\"Eikholt\",\"description\":\"\",\"publisher\":{\"@id\":\"https:\/\/www.eikholt.no\/#organization\"},\"potentialAction\":[{\"@type\":\"SearchAction\",\"target\":{\"@type\":\"EntryPoint\",\"urlTemplate\":\"https:\/\/www.eikholt.no\/?s={search_term_string}\"},\"query-input\":{\"@type\":\"PropertyValueSpecification\",\"valueRequired\":true,\"valueName\":\"search_term_string\"}}],\"inLanguage\":\"da-DK\"},{\"@type\":\"Organization\",\"@id\":\"https:\/\/www.eikholt.no\/#organization\",\"name\":\"Eikholt\",\"url\":\"https:\/\/www.eikholt.no\/\",\"logo\":{\"@type\":\"ImageObject\",\"inLanguage\":\"da-DK\",\"@id\":\"https:\/\/www.eikholt.no\/#\/schema\/logo\/image\/\",\"url\":\"https:\/\/www.eikholt.no\/app\/uploads\/2024\/04\/cropped-Logo-Eikholt-ny.jpg\",\"contentUrl\":\"https:\/\/www.eikholt.no\/app\/uploads\/2024\/04\/cropped-Logo-Eikholt-ny.jpg\",\"width\":419,\"height\":209,\"caption\":\"Eikholt\"},\"image\":{\"@id\":\"https:\/\/www.eikholt.no\/#\/schema\/logo\/image\/\"},\"sameAs\":[\"https:\/\/www.facebook.com\/eikholt.kompetansesenter\"]},{\"@type\":\"Person\",\"@id\":\"https:\/\/www.eikholt.no\/#\/schema\/person\/823978105d8e2ddceb0963ff9eb0b816\",\"name\":\"eikholt\",\"image\":{\"@type\":\"ImageObject\",\"inLanguage\":\"da-DK\",\"@id\":\"https:\/\/www.eikholt.no\/#\/schema\/person\/image\/\",\"url\":\"https:\/\/www.eikholt.no\/app\/uploads\/2023\/10\/only-logo-96x96.png\",\"contentUrl\":\"https:\/\/www.eikholt.no\/app\/uploads\/2023\/10\/only-logo-96x96.png\",\"caption\":\"eikholt\"},\"url\":\"https:\/\/www.eikholt.no\/da\/artikler\/author\/eikholt\/\"}]}<\/script>\n<!-- \/ Yoast SEO plugin. -->","yoast_head_json":{"title":"Tv\u00e6rfaglig funktionsvurdering p\u00e5 Eikholt - Eikholt","robots":{"index":"index","follow":"follow","max-snippet":"max-snippet:-1","max-image-preview":"max-image-preview:large","max-video-preview":"max-video-preview:-1"},"canonical":"https:\/\/www.eikholt.no\/da\/artikler\/tvaerfaglig-funktionsvurdering-pa-eikholt\/","og_locale":"da_DK","og_type":"article","og_title":"Tverrfaglig funksjonsutredning p\u00e5 Eikholt - Eikholt","og_description":"Mange dyktige fagpersoner var i sving p\u00e5 Eikholt i uke 24 da 9 \u00e5r gamle Silje deltok p\u00e5 en tverrfaglig funksjonsutredning i samarbeid med Signo.","og_url":"https:\/\/www.eikholt.no\/da\/artikler\/tvaerfaglig-funktionsvurdering-pa-eikholt\/","og_site_name":"Eikholt","article_publisher":"https:\/\/www.facebook.com\/eikholt.kompetansesenter","article_published_time":"2015-09-22T11:44:00+00:00","article_modified_time":"2025-10-30T12:07:53+00:00","og_image":[{"width":1707,"height":2560,"url":"https:\/\/www.eikholt.no\/app\/uploads\/2023\/06\/MG_9239-scaled.jpg","type":"image\/jpeg"}],"author":"eikholt","twitter_card":"summary_large_image","twitter_misc":{"Written by":"eikholt","Est. reading time":"3 minutes"},"schema":{"@context":"https:\/\/schema.org","@graph":[{"@type":"Article","@id":"https:\/\/www.eikholt.no\/artikler\/tverrfaglig-funksjonsutredning-pa-eikholt\/#article","isPartOf":{"@id":"https:\/\/www.eikholt.no\/artikler\/tverrfaglig-funksjonsutredning-pa-eikholt\/"},"author":{"name":"eikholt","@id":"https:\/\/www.eikholt.no\/#\/schema\/person\/823978105d8e2ddceb0963ff9eb0b816"},"headline":"Tverrfaglig funksjonsutredning p\u00e5 Eikholt","datePublished":"2015-09-22T11:44:00+00:00","dateModified":"2025-10-30T12:07:53+00:00","mainEntityOfPage":{"@id":"https:\/\/www.eikholt.no\/artikler\/tverrfaglig-funksjonsutredning-pa-eikholt\/"},"wordCount":533,"publisher":{"@id":"https:\/\/www.eikholt.no\/#organization"},"image":{"@id":"https:\/\/www.eikholt.no\/artikler\/tverrfaglig-funksjonsutredning-pa-eikholt\/#primaryimage"},"thumbnailUrl":"https:\/\/www.eikholt.no\/app\/uploads\/2023\/06\/MG_9239-683x1024.jpg","articleSection":["Nyheter"],"inLanguage":"da-DK"},{"@type":"WebPage","@id":"https:\/\/www.eikholt.no\/artikler\/tverrfaglig-funksjonsutredning-pa-eikholt\/","url":"https:\/\/www.eikholt.no\/artikler\/tverrfaglig-funksjonsutredning-pa-eikholt\/","name":"Tv\u00e6rfaglig funktionsvurdering p\u00e5 Eikholt - Eikholt","isPartOf":{"@id":"https:\/\/www.eikholt.no\/#website"},"primaryImageOfPage":{"@id":"https:\/\/www.eikholt.no\/artikler\/tverrfaglig-funksjonsutredning-pa-eikholt\/#primaryimage"},"image":{"@id":"https:\/\/www.eikholt.no\/artikler\/tverrfaglig-funksjonsutredning-pa-eikholt\/#primaryimage"},"thumbnailUrl":"https:\/\/www.eikholt.no\/app\/uploads\/2023\/06\/MG_9239-683x1024.jpg","datePublished":"2015-09-22T11:44:00+00:00","dateModified":"2025-10-30T12:07:53+00:00","breadcrumb":{"@id":"https:\/\/www.eikholt.no\/artikler\/tverrfaglig-funksjonsutredning-pa-eikholt\/#breadcrumb"},"inLanguage":"da-DK","potentialAction":[{"@type":"ReadAction","target":["https:\/\/www.eikholt.no\/artikler\/tverrfaglig-funksjonsutredning-pa-eikholt\/"]}]},{"@type":"ImageObject","inLanguage":"da-DK","@id":"https:\/\/www.eikholt.no\/artikler\/tverrfaglig-funksjonsutredning-pa-eikholt\/#primaryimage","url":"https:\/\/www.eikholt.no\/app\/uploads\/2023\/06\/MG_9239-683x1024.jpg","contentUrl":"https:\/\/www.eikholt.no\/app\/uploads\/2023\/06\/MG_9239-683x1024.jpg"},{"@type":"BreadcrumbList","@id":"https:\/\/www.eikholt.no\/artikler\/tverrfaglig-funksjonsutredning-pa-eikholt\/#breadcrumb","itemListElement":[{"@type":"ListItem","position":1,"name":"Forside","item":"https:\/\/www.eikholt.no\/"},{"@type":"ListItem","position":2,"name":"Tverrfaglig funksjonsutredning p\u00e5 Eikholt"}]},{"@type":"WebSite","@id":"https:\/\/www.eikholt.no\/#website","url":"https:\/\/www.eikholt.no\/","name":"Eikholt","description":"","publisher":{"@id":"https:\/\/www.eikholt.no\/#organization"},"potentialAction":[{"@type":"SearchAction","target":{"@type":"EntryPoint","urlTemplate":"https:\/\/www.eikholt.no\/?s={search_term_string}"},"query-input":{"@type":"PropertyValueSpecification","valueRequired":true,"valueName":"search_term_string"}}],"inLanguage":"da-DK"},{"@type":"Organization","@id":"https:\/\/www.eikholt.no\/#organization","name":"Eikholt","url":"https:\/\/www.eikholt.no\/","logo":{"@type":"ImageObject","inLanguage":"da-DK","@id":"https:\/\/www.eikholt.no\/#\/schema\/logo\/image\/","url":"https:\/\/www.eikholt.no\/app\/uploads\/2024\/04\/cropped-Logo-Eikholt-ny.jpg","contentUrl":"https:\/\/www.eikholt.no\/app\/uploads\/2024\/04\/cropped-Logo-Eikholt-ny.jpg","width":419,"height":209,"caption":"Eikholt"},"image":{"@id":"https:\/\/www.eikholt.no\/#\/schema\/logo\/image\/"},"sameAs":["https:\/\/www.facebook.com\/eikholt.kompetansesenter"]},{"@type":"Person","@id":"https:\/\/www.eikholt.no\/#\/schema\/person\/823978105d8e2ddceb0963ff9eb0b816","name":"Egelund","image":{"@type":"ImageObject","inLanguage":"da-DK","@id":"https:\/\/www.eikholt.no\/#\/schema\/person\/image\/","url":"https:\/\/www.eikholt.no\/app\/uploads\/2023\/10\/only-logo-96x96.png","contentUrl":"https:\/\/www.eikholt.no\/app\/uploads\/2023\/10\/only-logo-96x96.png","caption":"eikholt"},"url":"https:\/\/www.eikholt.no\/da\/artikler\/author\/eikholt\/"}]}},"_links":{"self":[{"href":"https:\/\/www.eikholt.no\/da\/wp-json\/wp\/v2\/posts\/729","targetHints":{"allow":["GET"]}}],"collection":[{"href":"https:\/\/www.eikholt.no\/da\/wp-json\/wp\/v2\/posts"}],"about":[{"href":"https:\/\/www.eikholt.no\/da\/wp-json\/wp\/v2\/types\/post"}],"author":[{"embeddable":true,"href":"https:\/\/www.eikholt.no\/da\/wp-json\/wp\/v2\/users\/2"}],"replies":[{"embeddable":true,"href":"https:\/\/www.eikholt.no\/da\/wp-json\/wp\/v2\/comments?post=729"}],"version-history":[{"count":5,"href":"https:\/\/www.eikholt.no\/da\/wp-json\/wp\/v2\/posts\/729\/revisions"}],"predecessor-version":[{"id":5356,"href":"https:\/\/www.eikholt.no\/da\/wp-json\/wp\/v2\/posts\/729\/revisions\/5356"}],"wp:attachment":[{"href":"https:\/\/www.eikholt.no\/da\/wp-json\/wp\/v2\/media?parent=729"}],"wp:term":[{"taxonomy":"category","embeddable":true,"href":"https:\/\/www.eikholt.no\/da\/wp-json\/wp\/v2\/categories?post=729"},{"taxonomy":"post_tag","embeddable":true,"href":"https:\/\/www.eikholt.no\/da\/wp-json\/wp\/v2\/tags?post=729"}],"curies":[{"name":"wp","href":"https:\/\/api.w.org\/{rel}","templated":true}]}}