{"id":799,"date":"2016-09-30T13:02:00","date_gmt":"2016-09-30T13:02:00","guid":{"rendered":"https:\/\/www.eikholt.no\/?p=799"},"modified":"2025-10-30T12:23:02","modified_gmt":"2025-10-30T12:23:02","slug":"konference-for-professionelle-med-synsnedsaettelse-og-hest","status":"publish","type":"post","link":"https:\/\/www.eikholt.no\/da\/artikler\/konference-for-professionelle-med-synsnedsaettelse-og-hest\/","title":{"rendered":"Faglig konference - At arbejde med syns- og h\u00f8rehandicap"},"content":{"rendered":"<p>19. januar 2017<br>Tilmeldingsfrist 15. december<\/p>\n\n\n\n<p>Arbejdet er \"en sundhedsfaktor for personer med d\u00f8vblindhed\", siger Mattias Ehn, ph.d.-studerende ved Audiologiskt forskningscentrum p\u00e5 \u00d6rebro universitet og psykolog ved d\u00f8vblindeteamet i Stockholm. Han understreger vigtigheden af at blive p\u00e5 arbejdspladsen. \"Den 19. januar arrangerer vi en faglig konference p\u00e5 Eikholt kompetansesenter, Konnerud i Drammen. M\u00e5lgruppen for seminaret er fagfolk i forskellige organisationer.<\/p>\n\n\n\n<figure class=\"wp-block-image size-full\"><img loading=\"lazy\" decoding=\"async\" width=\"289\" height=\"200\" src=\"https:\/\/www.eikholt.no\/app\/uploads\/2023\/06\/mattias.png\" alt=\"\" class=\"wp-image-800\"\/><\/figure>\n\n\n\n<p>Vi har inviteret Mattias Ehn til at deltage, og vi har meget mere p\u00e5 menuen, blandt andet en pr\u00e6sentation af erfaringerne fra en workshop i december 2016. Det er en workshop for arbejdende mennesker med syns- og h\u00f8reneds\u00e6ttelse. Gennem erfaringsudveksling f\u00e5r deltagerne gode strategier og bliver kl\u00e6dt p\u00e5 til at blive i deres job.<\/p>\n\n\n\n<figure class=\"wp-block-image size-full\"><img loading=\"lazy\" decoding=\"async\" width=\"222\" height=\"227\" src=\"https:\/\/www.eikholt.no\/app\/uploads\/2023\/06\/kwilliams.png\" alt=\"\" class=\"wp-image-801\" srcset=\"https:\/\/www.eikholt.no\/app\/uploads\/2023\/06\/kwilliams.png 222w, https:\/\/www.eikholt.no\/app\/uploads\/2023\/06\/kwilliams-24x24.png 24w, https:\/\/www.eikholt.no\/app\/uploads\/2023\/06\/kwilliams-48x48.png 48w\" sizes=\"auto, (max-width: 222px) 100vw, 222px\" \/><\/figure>\n\n\n\n<p>P\u00e5 programmet er ogs\u00e5 Katharine Cecilia Williams, ph.d. og specialist i klinisk arbejdspsykologi og kognitiv terapi. I sin seneste afhandling unders\u00f8gte Williams, hvilke faktorer der er involveret, n\u00e5r en h\u00f8reneds\u00e6ttelse f\u00f8rer til psykosocial stress.  I et tv\u00e6rsnitsstudie fandt Williams en sammenh\u00e6ng mellem frygt for negativ evaluering, undg\u00e5elsesstrategier og psykosocial stress. Den kognitive terapimodel, som Williams har udviklet, er baseret p\u00e5 den kognitive terapimodel for social angst. If\u00f8lge modellen vil brugen af undg\u00e5elsesstrategier fastholde angsten og de psykosociale problemer (tr\u00e6thed, social isolation, koncentrationsbesv\u00e6r). Deltagerne i unders\u00f8gelsen, som havde klinisk signifikante niveauer af psykiske problemer, oplevede mindre angst og st\u00f8rre self-efficacy efter at have gennemf\u00f8rt terapiprogrammet.<\/p>\n\n\n\n<p>Konferencegebyr: NOK 1.000, som inkluderer frokost og forfriskninger.<\/p>\n\n\n\n<p><a href=\"https:\/\/www.eikholt.no\/da\/app\/uploads\/2023\/06\/yrkesaktiv-med-nedsatt-syn-og-horsel.pdf\/\">Klik her for at se programmet.<br><\/a><a href=\"https:\/\/www.eikholt.no\/da\/ansogningsskema-til-kurser-og-tjenester\/\">Klik her for at tilmelde dig.<\/a><\/p>\n\n\n\n<p><em><strong>Dette indhold er mere end 3 \u00e5r gammelt og kan indeholde oplysninger, der ikke l\u00e6ngere er opdaterede.<\/strong><\/em>.<\/p>\n\n\n\n<h2 class=\"wp-block-heading\">Er du interesseret i tilbud til mennesker med b\u00e5de syns- og h\u00f8reneds\u00e6ttelse?<\/h2>\n\n\n\n<p>L\u00e6s mere om Eikholt's tjenester p\u00e5 dette link:&nbsp;<a href=\"https:\/\/www.eikholt.no\/da\/tjenester\/\"><strong>vores tjenester<\/strong><\/a><\/p>\n\n\n\n<p><strong>\u00d8nsker du at komme i kontakt med Eikholt?<\/strong>&nbsp;Du kan finde kontaktoplysninger her:&nbsp;<a href=\"https:\/\/www.eikholt.no\/da\/kontakt-os\/\"><strong>Kontakt os<\/strong><\/a><\/p>","protected":false},"excerpt":{"rendered":"<p>Eikholt arrangerer en faglig konference med temaet: \"At arbejde med syns- og h\u00f8reneds\u00e6ttelse\". Dato og tidspunkt for denne konference er torsdag den 19. januar fra kl. 10.00 til 16.00. Tilmeldingsfrist 15. december.<\/p>","protected":false},"author":2,"featured_media":0,"comment_status":"closed","ping_status":"closed","sticky":false,"template":"","format":"standard","meta":{"_acf_changed":false,"inline_featured_image":false,"ep_exclude_from_search":false,"footnotes":""},"categories":[12],"tags":[],"class_list":["post-799","post","type-post","status-publish","format-standard","hentry","category-nyheter"],"acf":[],"yoast_head":"<!-- This site is optimized with the Yoast SEO plugin v25.8 - https:\/\/yoast.com\/wordpress\/plugins\/seo\/ -->\n<title>Fagkonferanse - Yrkesaktiv med nedsatt syn og h\u00f8rsel - Eikholt<\/title>\n<meta name=\"robots\" content=\"index, follow, max-snippet:-1, max-image-preview:large, max-video-preview:-1\" \/>\n<link rel=\"canonical\" href=\"https:\/\/www.eikholt.no\/da\/artikler\/konference-for-professionelle-med-synsnedsaettelse-og-hest\/\" \/>\n<meta property=\"og:locale\" content=\"da_DK\" \/>\n<meta property=\"og:type\" content=\"article\" \/>\n<meta property=\"og:title\" content=\"Fagkonferanse - Yrkesaktiv med nedsatt syn og h\u00f8rsel - Eikholt\" \/>\n<meta property=\"og:description\" content=\"Eikholt arranger en fagkonferanse med temaet: \u00abYrkesaktiv med nedsatt syn og h\u00f8rsel\u00bb. Dato og tid for denne konferansen er satt til torsdag 19 januar fra kl. 10.00 til kl. 16.00. P\u00e5meldingsfrist 15. desember.\" \/>\n<meta property=\"og:url\" content=\"https:\/\/www.eikholt.no\/da\/artikler\/konference-for-professionelle-med-synsnedsaettelse-og-hest\/\" \/>\n<meta property=\"og:site_name\" content=\"Eikholt\" \/>\n<meta property=\"article:publisher\" content=\"https:\/\/www.facebook.com\/eikholt.kompetansesenter\" \/>\n<meta property=\"article:published_time\" content=\"2016-09-30T13:02:00+00:00\" \/>\n<meta property=\"article:modified_time\" content=\"2025-10-30T12:23:02+00:00\" \/>\n<meta property=\"og:image\" content=\"https:\/\/www.eikholt.no\/app\/uploads\/2023\/06\/mattias.png\" \/>\n\t<meta property=\"og:image:width\" content=\"289\" \/>\n\t<meta property=\"og:image:height\" content=\"200\" \/>\n\t<meta property=\"og:image:type\" content=\"image\/png\" \/>\n<meta name=\"author\" content=\"eikholt\" \/>\n<meta name=\"twitter:card\" content=\"summary_large_image\" \/>\n<meta name=\"twitter:label1\" content=\"Written by\" \/>\n\t<meta name=\"twitter:data1\" content=\"eikholt\" \/>\n\t<meta name=\"twitter:label2\" content=\"Est. reading time\" \/>\n\t<meta name=\"twitter:data2\" content=\"2 minutes\" \/>\n<script type=\"application\/ld+json\" class=\"yoast-schema-graph\">{\"@context\":\"https:\/\/schema.org\",\"@graph\":[{\"@type\":\"Article\",\"@id\":\"https:\/\/www.eikholt.no\/artikler\/fagkonferanse-yrkesaktiv-med-nedsatt-syn-og-horsel\/#article\",\"isPartOf\":{\"@id\":\"https:\/\/www.eikholt.no\/artikler\/fagkonferanse-yrkesaktiv-med-nedsatt-syn-og-horsel\/\"},\"author\":{\"name\":\"eikholt\",\"@id\":\"https:\/\/www.eikholt.no\/#\/schema\/person\/823978105d8e2ddceb0963ff9eb0b816\"},\"headline\":\"Fagkonferanse &#8211; Yrkesaktiv med nedsatt syn og h\u00f8rsel\",\"datePublished\":\"2016-09-30T13:02:00+00:00\",\"dateModified\":\"2025-10-30T12:23:02+00:00\",\"mainEntityOfPage\":{\"@id\":\"https:\/\/www.eikholt.no\/artikler\/fagkonferanse-yrkesaktiv-med-nedsatt-syn-og-horsel\/\"},\"wordCount\":309,\"publisher\":{\"@id\":\"https:\/\/www.eikholt.no\/#organization\"},\"image\":{\"@id\":\"https:\/\/www.eikholt.no\/artikler\/fagkonferanse-yrkesaktiv-med-nedsatt-syn-og-horsel\/#primaryimage\"},\"thumbnailUrl\":\"https:\/\/www.eikholt.no\/app\/uploads\/2023\/06\/mattias.png\",\"articleSection\":[\"Nyheter\"],\"inLanguage\":\"da-DK\"},{\"@type\":\"WebPage\",\"@id\":\"https:\/\/www.eikholt.no\/artikler\/fagkonferanse-yrkesaktiv-med-nedsatt-syn-og-horsel\/\",\"url\":\"https:\/\/www.eikholt.no\/artikler\/fagkonferanse-yrkesaktiv-med-nedsatt-syn-og-horsel\/\",\"name\":\"Fagkonferanse - Yrkesaktiv med nedsatt syn og h\u00f8rsel - Eikholt\",\"isPartOf\":{\"@id\":\"https:\/\/www.eikholt.no\/#website\"},\"primaryImageOfPage\":{\"@id\":\"https:\/\/www.eikholt.no\/artikler\/fagkonferanse-yrkesaktiv-med-nedsatt-syn-og-horsel\/#primaryimage\"},\"image\":{\"@id\":\"https:\/\/www.eikholt.no\/artikler\/fagkonferanse-yrkesaktiv-med-nedsatt-syn-og-horsel\/#primaryimage\"},\"thumbnailUrl\":\"https:\/\/www.eikholt.no\/app\/uploads\/2023\/06\/mattias.png\",\"datePublished\":\"2016-09-30T13:02:00+00:00\",\"dateModified\":\"2025-10-30T12:23:02+00:00\",\"breadcrumb\":{\"@id\":\"https:\/\/www.eikholt.no\/artikler\/fagkonferanse-yrkesaktiv-med-nedsatt-syn-og-horsel\/#breadcrumb\"},\"inLanguage\":\"da-DK\",\"potentialAction\":[{\"@type\":\"ReadAction\",\"target\":[\"https:\/\/www.eikholt.no\/artikler\/fagkonferanse-yrkesaktiv-med-nedsatt-syn-og-horsel\/\"]}]},{\"@type\":\"ImageObject\",\"inLanguage\":\"da-DK\",\"@id\":\"https:\/\/www.eikholt.no\/artikler\/fagkonferanse-yrkesaktiv-med-nedsatt-syn-og-horsel\/#primaryimage\",\"url\":\"https:\/\/www.eikholt.no\/app\/uploads\/2023\/06\/mattias.png\",\"contentUrl\":\"https:\/\/www.eikholt.no\/app\/uploads\/2023\/06\/mattias.png\"},{\"@type\":\"BreadcrumbList\",\"@id\":\"https:\/\/www.eikholt.no\/artikler\/fagkonferanse-yrkesaktiv-med-nedsatt-syn-og-horsel\/#breadcrumb\",\"itemListElement\":[{\"@type\":\"ListItem\",\"position\":1,\"name\":\"Forside\",\"item\":\"https:\/\/www.eikholt.no\/\"},{\"@type\":\"ListItem\",\"position\":2,\"name\":\"Fagkonferanse &#8211; Yrkesaktiv med nedsatt syn og h\u00f8rsel\"}]},{\"@type\":\"WebSite\",\"@id\":\"https:\/\/www.eikholt.no\/#website\",\"url\":\"https:\/\/www.eikholt.no\/\",\"name\":\"Eikholt\",\"description\":\"\",\"publisher\":{\"@id\":\"https:\/\/www.eikholt.no\/#organization\"},\"potentialAction\":[{\"@type\":\"SearchAction\",\"target\":{\"@type\":\"EntryPoint\",\"urlTemplate\":\"https:\/\/www.eikholt.no\/?s={search_term_string}\"},\"query-input\":{\"@type\":\"PropertyValueSpecification\",\"valueRequired\":true,\"valueName\":\"search_term_string\"}}],\"inLanguage\":\"da-DK\"},{\"@type\":\"Organization\",\"@id\":\"https:\/\/www.eikholt.no\/#organization\",\"name\":\"Eikholt\",\"url\":\"https:\/\/www.eikholt.no\/\",\"logo\":{\"@type\":\"ImageObject\",\"inLanguage\":\"da-DK\",\"@id\":\"https:\/\/www.eikholt.no\/#\/schema\/logo\/image\/\",\"url\":\"https:\/\/www.eikholt.no\/app\/uploads\/2024\/04\/cropped-Logo-Eikholt-ny.jpg\",\"contentUrl\":\"https:\/\/www.eikholt.no\/app\/uploads\/2024\/04\/cropped-Logo-Eikholt-ny.jpg\",\"width\":419,\"height\":209,\"caption\":\"Eikholt\"},\"image\":{\"@id\":\"https:\/\/www.eikholt.no\/#\/schema\/logo\/image\/\"},\"sameAs\":[\"https:\/\/www.facebook.com\/eikholt.kompetansesenter\"]},{\"@type\":\"Person\",\"@id\":\"https:\/\/www.eikholt.no\/#\/schema\/person\/823978105d8e2ddceb0963ff9eb0b816\",\"name\":\"eikholt\",\"image\":{\"@type\":\"ImageObject\",\"inLanguage\":\"da-DK\",\"@id\":\"https:\/\/www.eikholt.no\/#\/schema\/person\/image\/\",\"url\":\"https:\/\/www.eikholt.no\/app\/uploads\/2023\/10\/only-logo-96x96.png\",\"contentUrl\":\"https:\/\/www.eikholt.no\/app\/uploads\/2023\/10\/only-logo-96x96.png\",\"caption\":\"eikholt\"},\"url\":\"https:\/\/www.eikholt.no\/da\/artikler\/author\/eikholt\/\"}]}<\/script>\n<!-- \/ Yoast SEO plugin. -->","yoast_head_json":{"title":"Konference - Fagfolk med syns- og h\u00f8reneds\u00e6ttelse - Eikholt","robots":{"index":"index","follow":"follow","max-snippet":"max-snippet:-1","max-image-preview":"max-image-preview:large","max-video-preview":"max-video-preview:-1"},"canonical":"https:\/\/www.eikholt.no\/da\/artikler\/konference-for-professionelle-med-synsnedsaettelse-og-hest\/","og_locale":"da_DK","og_type":"article","og_title":"Fagkonferanse - Yrkesaktiv med nedsatt syn og h\u00f8rsel - Eikholt","og_description":"Eikholt arranger en fagkonferanse med temaet: \u00abYrkesaktiv med nedsatt syn og h\u00f8rsel\u00bb. Dato og tid for denne konferansen er satt til torsdag 19 januar fra kl. 10.00 til kl. 16.00. P\u00e5meldingsfrist 15. desember.","og_url":"https:\/\/www.eikholt.no\/da\/artikler\/konference-for-professionelle-med-synsnedsaettelse-og-hest\/","og_site_name":"Eikholt","article_publisher":"https:\/\/www.facebook.com\/eikholt.kompetansesenter","article_published_time":"2016-09-30T13:02:00+00:00","article_modified_time":"2025-10-30T12:23:02+00:00","og_image":[{"width":289,"height":200,"url":"https:\/\/www.eikholt.no\/app\/uploads\/2023\/06\/mattias.png","type":"image\/png"}],"author":"eikholt","twitter_card":"summary_large_image","twitter_misc":{"Written by":"eikholt","Est. reading time":"2 minutes"},"schema":{"@context":"https:\/\/schema.org","@graph":[{"@type":"Article","@id":"https:\/\/www.eikholt.no\/artikler\/fagkonferanse-yrkesaktiv-med-nedsatt-syn-og-horsel\/#article","isPartOf":{"@id":"https:\/\/www.eikholt.no\/artikler\/fagkonferanse-yrkesaktiv-med-nedsatt-syn-og-horsel\/"},"author":{"name":"eikholt","@id":"https:\/\/www.eikholt.no\/#\/schema\/person\/823978105d8e2ddceb0963ff9eb0b816"},"headline":"Fagkonferanse &#8211; Yrkesaktiv med nedsatt syn og h\u00f8rsel","datePublished":"2016-09-30T13:02:00+00:00","dateModified":"2025-10-30T12:23:02+00:00","mainEntityOfPage":{"@id":"https:\/\/www.eikholt.no\/artikler\/fagkonferanse-yrkesaktiv-med-nedsatt-syn-og-horsel\/"},"wordCount":309,"publisher":{"@id":"https:\/\/www.eikholt.no\/#organization"},"image":{"@id":"https:\/\/www.eikholt.no\/artikler\/fagkonferanse-yrkesaktiv-med-nedsatt-syn-og-horsel\/#primaryimage"},"thumbnailUrl":"https:\/\/www.eikholt.no\/app\/uploads\/2023\/06\/mattias.png","articleSection":["Nyheter"],"inLanguage":"da-DK"},{"@type":"WebPage","@id":"https:\/\/www.eikholt.no\/artikler\/fagkonferanse-yrkesaktiv-med-nedsatt-syn-og-horsel\/","url":"https:\/\/www.eikholt.no\/artikler\/fagkonferanse-yrkesaktiv-med-nedsatt-syn-og-horsel\/","name":"Konference - Fagfolk med syns- og h\u00f8reneds\u00e6ttelse - Eikholt","isPartOf":{"@id":"https:\/\/www.eikholt.no\/#website"},"primaryImageOfPage":{"@id":"https:\/\/www.eikholt.no\/artikler\/fagkonferanse-yrkesaktiv-med-nedsatt-syn-og-horsel\/#primaryimage"},"image":{"@id":"https:\/\/www.eikholt.no\/artikler\/fagkonferanse-yrkesaktiv-med-nedsatt-syn-og-horsel\/#primaryimage"},"thumbnailUrl":"https:\/\/www.eikholt.no\/app\/uploads\/2023\/06\/mattias.png","datePublished":"2016-09-30T13:02:00+00:00","dateModified":"2025-10-30T12:23:02+00:00","breadcrumb":{"@id":"https:\/\/www.eikholt.no\/artikler\/fagkonferanse-yrkesaktiv-med-nedsatt-syn-og-horsel\/#breadcrumb"},"inLanguage":"da-DK","potentialAction":[{"@type":"ReadAction","target":["https:\/\/www.eikholt.no\/artikler\/fagkonferanse-yrkesaktiv-med-nedsatt-syn-og-horsel\/"]}]},{"@type":"ImageObject","inLanguage":"da-DK","@id":"https:\/\/www.eikholt.no\/artikler\/fagkonferanse-yrkesaktiv-med-nedsatt-syn-og-horsel\/#primaryimage","url":"https:\/\/www.eikholt.no\/app\/uploads\/2023\/06\/mattias.png","contentUrl":"https:\/\/www.eikholt.no\/app\/uploads\/2023\/06\/mattias.png"},{"@type":"BreadcrumbList","@id":"https:\/\/www.eikholt.no\/artikler\/fagkonferanse-yrkesaktiv-med-nedsatt-syn-og-horsel\/#breadcrumb","itemListElement":[{"@type":"ListItem","position":1,"name":"Forside","item":"https:\/\/www.eikholt.no\/"},{"@type":"ListItem","position":2,"name":"Fagkonferanse &#8211; Yrkesaktiv med nedsatt syn og h\u00f8rsel"}]},{"@type":"WebSite","@id":"https:\/\/www.eikholt.no\/#website","url":"https:\/\/www.eikholt.no\/","name":"Eikholt","description":"","publisher":{"@id":"https:\/\/www.eikholt.no\/#organization"},"potentialAction":[{"@type":"SearchAction","target":{"@type":"EntryPoint","urlTemplate":"https:\/\/www.eikholt.no\/?s={search_term_string}"},"query-input":{"@type":"PropertyValueSpecification","valueRequired":true,"valueName":"search_term_string"}}],"inLanguage":"da-DK"},{"@type":"Organization","@id":"https:\/\/www.eikholt.no\/#organization","name":"Eikholt","url":"https:\/\/www.eikholt.no\/","logo":{"@type":"ImageObject","inLanguage":"da-DK","@id":"https:\/\/www.eikholt.no\/#\/schema\/logo\/image\/","url":"https:\/\/www.eikholt.no\/app\/uploads\/2024\/04\/cropped-Logo-Eikholt-ny.jpg","contentUrl":"https:\/\/www.eikholt.no\/app\/uploads\/2024\/04\/cropped-Logo-Eikholt-ny.jpg","width":419,"height":209,"caption":"Eikholt"},"image":{"@id":"https:\/\/www.eikholt.no\/#\/schema\/logo\/image\/"},"sameAs":["https:\/\/www.facebook.com\/eikholt.kompetansesenter"]},{"@type":"Person","@id":"https:\/\/www.eikholt.no\/#\/schema\/person\/823978105d8e2ddceb0963ff9eb0b816","name":"Egelund","image":{"@type":"ImageObject","inLanguage":"da-DK","@id":"https:\/\/www.eikholt.no\/#\/schema\/person\/image\/","url":"https:\/\/www.eikholt.no\/app\/uploads\/2023\/10\/only-logo-96x96.png","contentUrl":"https:\/\/www.eikholt.no\/app\/uploads\/2023\/10\/only-logo-96x96.png","caption":"eikholt"},"url":"https:\/\/www.eikholt.no\/da\/artikler\/author\/eikholt\/"}]}},"_links":{"self":[{"href":"https:\/\/www.eikholt.no\/da\/wp-json\/wp\/v2\/posts\/799","targetHints":{"allow":["GET"]}}],"collection":[{"href":"https:\/\/www.eikholt.no\/da\/wp-json\/wp\/v2\/posts"}],"about":[{"href":"https:\/\/www.eikholt.no\/da\/wp-json\/wp\/v2\/types\/post"}],"author":[{"embeddable":true,"href":"https:\/\/www.eikholt.no\/da\/wp-json\/wp\/v2\/users\/2"}],"replies":[{"embeddable":true,"href":"https:\/\/www.eikholt.no\/da\/wp-json\/wp\/v2\/comments?post=799"}],"version-history":[{"count":4,"href":"https:\/\/www.eikholt.no\/da\/wp-json\/wp\/v2\/posts\/799\/revisions"}],"predecessor-version":[{"id":5365,"href":"https:\/\/www.eikholt.no\/da\/wp-json\/wp\/v2\/posts\/799\/revisions\/5365"}],"wp:attachment":[{"href":"https:\/\/www.eikholt.no\/da\/wp-json\/wp\/v2\/media?parent=799"}],"wp:term":[{"taxonomy":"category","embeddable":true,"href":"https:\/\/www.eikholt.no\/da\/wp-json\/wp\/v2\/categories?post=799"},{"taxonomy":"post_tag","embeddable":true,"href":"https:\/\/www.eikholt.no\/da\/wp-json\/wp\/v2\/tags?post=799"}],"curies":[{"name":"wp","href":"https:\/\/api.w.org\/{rel}","templated":true}]}}