{"id":856,"date":"2017-09-26T06:44:00","date_gmt":"2017-09-26T06:44:00","guid":{"rendered":"https:\/\/www.eikholt.no\/?p=856"},"modified":"2025-10-30T12:30:08","modified_gmt":"2025-10-30T12:30:08","slug":"karine-v-hestholm-hos-deafblind-international","status":"publish","type":"post","link":"https:\/\/www.eikholt.no\/da\/artikler\/karine-v-hestholm-hos-deafblind-international\/","title":{"rendered":"Karine V. Hestholm hos Deafblind International"},"content":{"rendered":"<p><strong>DbI-konference, Aalborg 2017<\/strong><\/p>\n\n\n\n<p><em>Af Karine V. Hestholm<\/em>:<\/p>\n\n\n\n<p>Jeg s\u00e6tter stor pris p\u00e5 al den positive feedback, og jeg er r\u00f8rt over, at en hel sal blev r\u00f8rt af min historie om ber\u00f8ringssansen - og om Jesper. \"F\u00f8lesansen er et komplekst samspil mellem mange sanser og opleves i hele kroppen - noget, som mange mennesker m\u00e5ske ikke er klar over i det daglige.<\/p>\n\n\n\n<p>Under den niende europ\u00e6iske konference \"Touch of closeness\" arrangeret af Deafblind International (DbI) fik jeg sammen med Grzegorz Koz\u0142owski, Grete A. Steigen og Kari S. Brede mulighed for at pr\u00e6sentere min personlige historie om brugen af den taktile sans. Steigen og Kari S. Brede, fik jeg mulighed for at pr\u00e6sentere min personlige historie og erfaring med at bruge den taktile sans. Det skete foran hundredvis af deltagere fra hele verden.<\/p>\n\n\n\n<p>- Det var lidt surrealistisk at st\u00e5 foran s\u00e5 mange mennesker og fort\u00e6lle min historie, mine erfaringer og refleksioner om emnet ber\u00f8ring. Jeg var meget sp\u00e6ndt - og h\u00e5bede, at jeg gennem min historie med min hest Jesper og medf\u00f8dt d\u00f8vblindhed kunne v\u00e6re med til at belyse, inspirere og udfordre synet p\u00e5 kompleksiteten og brugen af den taktile sans. For Jesper har v\u00e6ret en central del af mit liv, og historien har en dybere mening end bare at have en hest. Jeg har f\u00e5et stimuli og udvikling p\u00e5 en unik m\u00e5de gennem Jesper, som har p\u00e5virket min funktion og bevidsthed om at sanse verden med hele kroppen. Det var det, mit foredrag \"Feel the world\" handlede om p\u00e5 DbI-konferencen. For to \u00e5r siden blev jeg spurgt, om jeg havde lyst til at holde et opl\u00e6g p\u00e5 DbI's europ\u00e6iske konference i 2017 og dele nogle af mine erfaringer med, hvordan jeg bruger den taktile sans i min hverdag. Det var dejligt at blive spurgt, men ogs\u00e5 lidt skr\u00e6mmende. Jeg havde virkelig meget p\u00e5 hjerte, men det er en kunst at s\u00e6tte ord p\u00e5 mine pointer - is\u00e6r p\u00e5 engelsk.<\/p>\n\n\n\n<p>- I virkeligheden er det at sanse \"verden\" et komplekst samspil, hvor motoriske, sensoriske og kognitive processer interagerer og giver feedback, men ikke mindst faktorer i milj\u00f8et og individuelle foruds\u00e6tninger har ogs\u00e5 indflydelse. N\u00e5r en sans svigter i dette samspil, m\u00e5 andre sanser kompensere, udvikle sig og skabe nye oplevelser. At sanse gennem at skabe bev\u00e6gelsesoplevelser har v\u00e6ret vigtigt for mig, og p\u00e5 hesteryg har jeg haft et trygt milj\u00f8 til at udforske bev\u00e6gelser og mine sanser. Desuden har den alsidige fysiske aktivitet i min opv\u00e6kst givet mig et fundament at bygge videre p\u00e5. For at bev\u00e6gelser skal blive automatiske, skal de gentages, s\u00e5 sp\u00f8rgsm\u00e5let er, hvordan man skaber et trygt milj\u00f8, s\u00e5 mennesker med et kombineret syns- og h\u00f8retab kan f\u00e5 mulighed for at udtrykke sig. Det er en balancegang mellem udfordring og mestring. Hvis udfordringerne er baseret p\u00e5 en urimelig ramme, er der ingen mulighed for at udforske, gentage og opleve mestring. Bevidsthed om faktorer - fysiske, psykologiske, sociale og individuelle - har indflydelse p\u00e5 disse element\u00e6re forhold. Jeg har ikke et fast svar, men jeg h\u00e5ber, at alle ved at blive bevidste og f\u00e5 mulighed for at udforske kan finde deres egne svar p\u00e5 dette, hvilket jeg sluttede mit foredrag med at sige noget om:<\/p>\n\n\n\n<figure class=\"wp-block-image size-large\"><img loading=\"lazy\" decoding=\"async\" width=\"680\" height=\"1024\" src=\"https:\/\/www.eikholt.no\/app\/uploads\/2023\/06\/karine-og-hest-680x1024.jpg\" alt=\"\" class=\"wp-image-858\" srcset=\"https:\/\/www.eikholt.no\/app\/uploads\/2023\/06\/karine-og-hest-680x1024.jpg 680w, https:\/\/www.eikholt.no\/app\/uploads\/2023\/06\/karine-og-hest-199x300.jpg 199w, https:\/\/www.eikholt.no\/app\/uploads\/2023\/06\/karine-og-hest-768x1156.jpg 768w, https:\/\/www.eikholt.no\/app\/uploads\/2023\/06\/karine-og-hest-1020x1536.jpg 1020w, https:\/\/www.eikholt.no\/app\/uploads\/2023\/06\/karine-og-hest-1360x2048.jpg 1360w, https:\/\/www.eikholt.no\/app\/uploads\/2023\/06\/karine-og-hest-scaled.jpg 1700w\" sizes=\"auto, (max-width: 680px) 100vw, 680px\" \/><\/figure>\n\n\n\n<blockquote class=\"wp-block-quote is-layout-flow wp-block-quote-is-layout-flow\">\n<p><em>\"Mine relationer bliver mine sanser og hj\u00e6lper mig med at udvikle min egen styrke og evne til at n\u00e5 nye m\u00e5l. Bestige nye bjerge. Som jeg g\u00f8r her, hvor jeg fort\u00e6ller mine historier til jer og forh\u00e5bentlig inspirerer andre til at finde deres vej i livet. Hvorn\u00e5r f\u00f8ler du dig tryg? Hvem f\u00f8ler du dig tryg ved? Hvor er dine fremtidige bjerge, du skal bestige, og hvorn\u00e5r t\u00f8r du tage det f\u00f8rste skridt? M\u00e5ske er du for sikker, og m\u00e5ske har du virkelig brug for at begynde at vandre? Find dit fundament. For mig var det mit forhold til mine livsledsagere, b\u00e5de to- og firbenede, og vores gensidige forhold bygget p\u00e5 kommunikation, respekt og vigtigst af alt samarbejde. Jeg h\u00e5ber, du finder dit!\"<\/em><\/p>\n<\/blockquote>\n\n\n\n<p><em><strong>Dette indhold er mere end 3 \u00e5r gammelt og kan indeholde oplysninger, der ikke l\u00e6ngere er opdaterede.<\/strong><\/em>.<\/p>\n\n\n\n<h2 class=\"wp-block-heading\">Er du interesseret i tilbud til mennesker med b\u00e5de syns- og h\u00f8reneds\u00e6ttelse?<\/h2>\n\n\n\n<p>L\u00e6s mere om Eikholt's tjenester p\u00e5 dette link:&nbsp;<a href=\"https:\/\/www.eikholt.no\/da\/tjenester\/\"><strong>vores tjenester<\/strong><\/a><\/p>\n\n\n\n<p><strong>\u00d8nsker du at komme i kontakt med Eikholt?<\/strong>&nbsp;Du kan finde kontaktoplysninger her:&nbsp;<a href=\"https:\/\/www.eikholt.no\/da\/kontakt-os\/\"><strong>Kontakt os<\/strong><\/a><\/p>","protected":false},"excerpt":{"rendered":"<p>Under den niende europ\u00e6iske konference \"Touch of closeness\" arrangeret af Deafblind International (DbI) pr\u00e6senterede Karine V. Hestholm sin historie for hundredvis af deltagere fra hele verden. Hestholm sin historie foran hundredvis af deltagere fra hele verden. I denne artikel, som er skrevet til Eikholt, beskriver hun sit budskab og deler sin erfaring med at bidrage til DbI.<\/p>","protected":false},"author":2,"featured_media":0,"comment_status":"closed","ping_status":"closed","sticky":false,"template":"","format":"standard","meta":{"_acf_changed":false,"inline_featured_image":false,"ep_exclude_from_search":false,"footnotes":""},"categories":[12],"tags":[],"class_list":["post-856","post","type-post","status-publish","format-standard","hentry","category-nyheter"],"acf":[],"yoast_head":"<!-- This site is optimized with the Yoast SEO plugin v25.8 - https:\/\/yoast.com\/wordpress\/plugins\/seo\/ -->\n<title>Karine V. Hestholm p\u00e5 Deafblind International - Eikholt<\/title>\n<meta name=\"robots\" content=\"index, follow, max-snippet:-1, max-image-preview:large, max-video-preview:-1\" \/>\n<link rel=\"canonical\" href=\"https:\/\/www.eikholt.no\/da\/artikler\/karine-v-hestholm-hos-deafblind-international\/\" \/>\n<meta property=\"og:locale\" content=\"da_DK\" \/>\n<meta property=\"og:type\" content=\"article\" \/>\n<meta property=\"og:title\" content=\"Karine V. Hestholm p\u00e5 Deafblind International - Eikholt\" \/>\n<meta property=\"og:description\" content=\"Under den niende europeiske konferansen \u00abTouch of closeness\u00bbi regi av Deafblind International (DbI) presenterte Karine V. Hestholm sin historie foran hundrevis av deltagere fra hele verden. I denne artikkelen som hun har skrevet for Eikholt beskriver hun sitt budskap og forteller om sin opplevelse av \u00e5 bidra til DbI.\" \/>\n<meta property=\"og:url\" content=\"https:\/\/www.eikholt.no\/da\/artikler\/karine-v-hestholm-hos-deafblind-international\/\" \/>\n<meta property=\"og:site_name\" content=\"Eikholt\" \/>\n<meta property=\"article:publisher\" content=\"https:\/\/www.facebook.com\/eikholt.kompetansesenter\" \/>\n<meta property=\"article:published_time\" content=\"2017-09-26T06:44:00+00:00\" \/>\n<meta property=\"article:modified_time\" content=\"2025-10-30T12:30:08+00:00\" \/>\n<meta property=\"og:image\" content=\"https:\/\/www.eikholt.no\/app\/uploads\/2023\/06\/karine-og-hest-scaled.jpg\" \/>\n\t<meta property=\"og:image:width\" content=\"1700\" \/>\n\t<meta property=\"og:image:height\" content=\"2560\" \/>\n\t<meta property=\"og:image:type\" content=\"image\/jpeg\" \/>\n<meta name=\"author\" content=\"eikholt\" \/>\n<meta name=\"twitter:card\" content=\"summary_large_image\" \/>\n<meta name=\"twitter:label1\" content=\"Written by\" \/>\n\t<meta name=\"twitter:data1\" content=\"eikholt\" \/>\n\t<meta name=\"twitter:label2\" content=\"Est. reading time\" \/>\n\t<meta name=\"twitter:data2\" content=\"4 minutes\" \/>\n<script type=\"application\/ld+json\" class=\"yoast-schema-graph\">{\"@context\":\"https:\/\/schema.org\",\"@graph\":[{\"@type\":\"Article\",\"@id\":\"https:\/\/www.eikholt.no\/artikler\/karine-v-hestholm-pa-deafblind-international\/#article\",\"isPartOf\":{\"@id\":\"https:\/\/www.eikholt.no\/artikler\/karine-v-hestholm-pa-deafblind-international\/\"},\"author\":{\"name\":\"eikholt\",\"@id\":\"https:\/\/www.eikholt.no\/#\/schema\/person\/823978105d8e2ddceb0963ff9eb0b816\"},\"headline\":\"Karine V. Hestholm p\u00e5 Deafblind International\",\"datePublished\":\"2017-09-26T06:44:00+00:00\",\"dateModified\":\"2025-10-30T12:30:08+00:00\",\"mainEntityOfPage\":{\"@id\":\"https:\/\/www.eikholt.no\/artikler\/karine-v-hestholm-pa-deafblind-international\/\"},\"wordCount\":691,\"publisher\":{\"@id\":\"https:\/\/www.eikholt.no\/#organization\"},\"image\":{\"@id\":\"https:\/\/www.eikholt.no\/artikler\/karine-v-hestholm-pa-deafblind-international\/#primaryimage\"},\"thumbnailUrl\":\"https:\/\/www.eikholt.no\/app\/uploads\/2023\/06\/karine-og-hest-680x1024.jpg\",\"articleSection\":[\"Nyheter\"],\"inLanguage\":\"da-DK\"},{\"@type\":\"WebPage\",\"@id\":\"https:\/\/www.eikholt.no\/artikler\/karine-v-hestholm-pa-deafblind-international\/\",\"url\":\"https:\/\/www.eikholt.no\/artikler\/karine-v-hestholm-pa-deafblind-international\/\",\"name\":\"Karine V. Hestholm p\u00e5 Deafblind International - Eikholt\",\"isPartOf\":{\"@id\":\"https:\/\/www.eikholt.no\/#website\"},\"primaryImageOfPage\":{\"@id\":\"https:\/\/www.eikholt.no\/artikler\/karine-v-hestholm-pa-deafblind-international\/#primaryimage\"},\"image\":{\"@id\":\"https:\/\/www.eikholt.no\/artikler\/karine-v-hestholm-pa-deafblind-international\/#primaryimage\"},\"thumbnailUrl\":\"https:\/\/www.eikholt.no\/app\/uploads\/2023\/06\/karine-og-hest-680x1024.jpg\",\"datePublished\":\"2017-09-26T06:44:00+00:00\",\"dateModified\":\"2025-10-30T12:30:08+00:00\",\"breadcrumb\":{\"@id\":\"https:\/\/www.eikholt.no\/artikler\/karine-v-hestholm-pa-deafblind-international\/#breadcrumb\"},\"inLanguage\":\"da-DK\",\"potentialAction\":[{\"@type\":\"ReadAction\",\"target\":[\"https:\/\/www.eikholt.no\/artikler\/karine-v-hestholm-pa-deafblind-international\/\"]}]},{\"@type\":\"ImageObject\",\"inLanguage\":\"da-DK\",\"@id\":\"https:\/\/www.eikholt.no\/artikler\/karine-v-hestholm-pa-deafblind-international\/#primaryimage\",\"url\":\"https:\/\/www.eikholt.no\/app\/uploads\/2023\/06\/karine-og-hest-680x1024.jpg\",\"contentUrl\":\"https:\/\/www.eikholt.no\/app\/uploads\/2023\/06\/karine-og-hest-680x1024.jpg\"},{\"@type\":\"BreadcrumbList\",\"@id\":\"https:\/\/www.eikholt.no\/artikler\/karine-v-hestholm-pa-deafblind-international\/#breadcrumb\",\"itemListElement\":[{\"@type\":\"ListItem\",\"position\":1,\"name\":\"Forside\",\"item\":\"https:\/\/www.eikholt.no\/\"},{\"@type\":\"ListItem\",\"position\":2,\"name\":\"Karine V. Hestholm p\u00e5 Deafblind International\"}]},{\"@type\":\"WebSite\",\"@id\":\"https:\/\/www.eikholt.no\/#website\",\"url\":\"https:\/\/www.eikholt.no\/\",\"name\":\"Eikholt\",\"description\":\"\",\"publisher\":{\"@id\":\"https:\/\/www.eikholt.no\/#organization\"},\"potentialAction\":[{\"@type\":\"SearchAction\",\"target\":{\"@type\":\"EntryPoint\",\"urlTemplate\":\"https:\/\/www.eikholt.no\/?s={search_term_string}\"},\"query-input\":{\"@type\":\"PropertyValueSpecification\",\"valueRequired\":true,\"valueName\":\"search_term_string\"}}],\"inLanguage\":\"da-DK\"},{\"@type\":\"Organization\",\"@id\":\"https:\/\/www.eikholt.no\/#organization\",\"name\":\"Eikholt\",\"url\":\"https:\/\/www.eikholt.no\/\",\"logo\":{\"@type\":\"ImageObject\",\"inLanguage\":\"da-DK\",\"@id\":\"https:\/\/www.eikholt.no\/#\/schema\/logo\/image\/\",\"url\":\"https:\/\/www.eikholt.no\/app\/uploads\/2024\/04\/cropped-Logo-Eikholt-ny.jpg\",\"contentUrl\":\"https:\/\/www.eikholt.no\/app\/uploads\/2024\/04\/cropped-Logo-Eikholt-ny.jpg\",\"width\":419,\"height\":209,\"caption\":\"Eikholt\"},\"image\":{\"@id\":\"https:\/\/www.eikholt.no\/#\/schema\/logo\/image\/\"},\"sameAs\":[\"https:\/\/www.facebook.com\/eikholt.kompetansesenter\"]},{\"@type\":\"Person\",\"@id\":\"https:\/\/www.eikholt.no\/#\/schema\/person\/823978105d8e2ddceb0963ff9eb0b816\",\"name\":\"eikholt\",\"image\":{\"@type\":\"ImageObject\",\"inLanguage\":\"da-DK\",\"@id\":\"https:\/\/www.eikholt.no\/#\/schema\/person\/image\/\",\"url\":\"https:\/\/www.eikholt.no\/app\/uploads\/2023\/10\/only-logo-96x96.png\",\"contentUrl\":\"https:\/\/www.eikholt.no\/app\/uploads\/2023\/10\/only-logo-96x96.png\",\"caption\":\"eikholt\"},\"url\":\"https:\/\/www.eikholt.no\/da\/artikler\/author\/eikholt\/\"}]}<\/script>\n<!-- \/ Yoast SEO plugin. -->","yoast_head_json":{"title":"Karine V. Hestholm hos Deafblind International - Eikholt","robots":{"index":"index","follow":"follow","max-snippet":"max-snippet:-1","max-image-preview":"max-image-preview:large","max-video-preview":"max-video-preview:-1"},"canonical":"https:\/\/www.eikholt.no\/da\/artikler\/karine-v-hestholm-hos-deafblind-international\/","og_locale":"da_DK","og_type":"article","og_title":"Karine V. Hestholm p\u00e5 Deafblind International - Eikholt","og_description":"Under den niende europeiske konferansen \u00abTouch of closeness\u00bbi regi av Deafblind International (DbI) presenterte Karine V. Hestholm sin historie foran hundrevis av deltagere fra hele verden. I denne artikkelen som hun har skrevet for Eikholt beskriver hun sitt budskap og forteller om sin opplevelse av \u00e5 bidra til DbI.","og_url":"https:\/\/www.eikholt.no\/da\/artikler\/karine-v-hestholm-hos-deafblind-international\/","og_site_name":"Eikholt","article_publisher":"https:\/\/www.facebook.com\/eikholt.kompetansesenter","article_published_time":"2017-09-26T06:44:00+00:00","article_modified_time":"2025-10-30T12:30:08+00:00","og_image":[{"width":1700,"height":2560,"url":"https:\/\/www.eikholt.no\/app\/uploads\/2023\/06\/karine-og-hest-scaled.jpg","type":"image\/jpeg"}],"author":"eikholt","twitter_card":"summary_large_image","twitter_misc":{"Written by":"eikholt","Est. reading time":"4 minutes"},"schema":{"@context":"https:\/\/schema.org","@graph":[{"@type":"Article","@id":"https:\/\/www.eikholt.no\/artikler\/karine-v-hestholm-pa-deafblind-international\/#article","isPartOf":{"@id":"https:\/\/www.eikholt.no\/artikler\/karine-v-hestholm-pa-deafblind-international\/"},"author":{"name":"eikholt","@id":"https:\/\/www.eikholt.no\/#\/schema\/person\/823978105d8e2ddceb0963ff9eb0b816"},"headline":"Karine V. Hestholm p\u00e5 Deafblind International","datePublished":"2017-09-26T06:44:00+00:00","dateModified":"2025-10-30T12:30:08+00:00","mainEntityOfPage":{"@id":"https:\/\/www.eikholt.no\/artikler\/karine-v-hestholm-pa-deafblind-international\/"},"wordCount":691,"publisher":{"@id":"https:\/\/www.eikholt.no\/#organization"},"image":{"@id":"https:\/\/www.eikholt.no\/artikler\/karine-v-hestholm-pa-deafblind-international\/#primaryimage"},"thumbnailUrl":"https:\/\/www.eikholt.no\/app\/uploads\/2023\/06\/karine-og-hest-680x1024.jpg","articleSection":["Nyheter"],"inLanguage":"da-DK"},{"@type":"WebPage","@id":"https:\/\/www.eikholt.no\/artikler\/karine-v-hestholm-pa-deafblind-international\/","url":"https:\/\/www.eikholt.no\/artikler\/karine-v-hestholm-pa-deafblind-international\/","name":"Karine V. Hestholm hos Deafblind International - Eikholt","isPartOf":{"@id":"https:\/\/www.eikholt.no\/#website"},"primaryImageOfPage":{"@id":"https:\/\/www.eikholt.no\/artikler\/karine-v-hestholm-pa-deafblind-international\/#primaryimage"},"image":{"@id":"https:\/\/www.eikholt.no\/artikler\/karine-v-hestholm-pa-deafblind-international\/#primaryimage"},"thumbnailUrl":"https:\/\/www.eikholt.no\/app\/uploads\/2023\/06\/karine-og-hest-680x1024.jpg","datePublished":"2017-09-26T06:44:00+00:00","dateModified":"2025-10-30T12:30:08+00:00","breadcrumb":{"@id":"https:\/\/www.eikholt.no\/artikler\/karine-v-hestholm-pa-deafblind-international\/#breadcrumb"},"inLanguage":"da-DK","potentialAction":[{"@type":"ReadAction","target":["https:\/\/www.eikholt.no\/artikler\/karine-v-hestholm-pa-deafblind-international\/"]}]},{"@type":"ImageObject","inLanguage":"da-DK","@id":"https:\/\/www.eikholt.no\/artikler\/karine-v-hestholm-pa-deafblind-international\/#primaryimage","url":"https:\/\/www.eikholt.no\/app\/uploads\/2023\/06\/karine-og-hest-680x1024.jpg","contentUrl":"https:\/\/www.eikholt.no\/app\/uploads\/2023\/06\/karine-og-hest-680x1024.jpg"},{"@type":"BreadcrumbList","@id":"https:\/\/www.eikholt.no\/artikler\/karine-v-hestholm-pa-deafblind-international\/#breadcrumb","itemListElement":[{"@type":"ListItem","position":1,"name":"Forside","item":"https:\/\/www.eikholt.no\/"},{"@type":"ListItem","position":2,"name":"Karine V. Hestholm p\u00e5 Deafblind International"}]},{"@type":"WebSite","@id":"https:\/\/www.eikholt.no\/#website","url":"https:\/\/www.eikholt.no\/","name":"Eikholt","description":"","publisher":{"@id":"https:\/\/www.eikholt.no\/#organization"},"potentialAction":[{"@type":"SearchAction","target":{"@type":"EntryPoint","urlTemplate":"https:\/\/www.eikholt.no\/?s={search_term_string}"},"query-input":{"@type":"PropertyValueSpecification","valueRequired":true,"valueName":"search_term_string"}}],"inLanguage":"da-DK"},{"@type":"Organization","@id":"https:\/\/www.eikholt.no\/#organization","name":"Eikholt","url":"https:\/\/www.eikholt.no\/","logo":{"@type":"ImageObject","inLanguage":"da-DK","@id":"https:\/\/www.eikholt.no\/#\/schema\/logo\/image\/","url":"https:\/\/www.eikholt.no\/app\/uploads\/2024\/04\/cropped-Logo-Eikholt-ny.jpg","contentUrl":"https:\/\/www.eikholt.no\/app\/uploads\/2024\/04\/cropped-Logo-Eikholt-ny.jpg","width":419,"height":209,"caption":"Eikholt"},"image":{"@id":"https:\/\/www.eikholt.no\/#\/schema\/logo\/image\/"},"sameAs":["https:\/\/www.facebook.com\/eikholt.kompetansesenter"]},{"@type":"Person","@id":"https:\/\/www.eikholt.no\/#\/schema\/person\/823978105d8e2ddceb0963ff9eb0b816","name":"Egelund","image":{"@type":"ImageObject","inLanguage":"da-DK","@id":"https:\/\/www.eikholt.no\/#\/schema\/person\/image\/","url":"https:\/\/www.eikholt.no\/app\/uploads\/2023\/10\/only-logo-96x96.png","contentUrl":"https:\/\/www.eikholt.no\/app\/uploads\/2023\/10\/only-logo-96x96.png","caption":"eikholt"},"url":"https:\/\/www.eikholt.no\/da\/artikler\/author\/eikholt\/"}]}},"_links":{"self":[{"href":"https:\/\/www.eikholt.no\/da\/wp-json\/wp\/v2\/posts\/856","targetHints":{"allow":["GET"]}}],"collection":[{"href":"https:\/\/www.eikholt.no\/da\/wp-json\/wp\/v2\/posts"}],"about":[{"href":"https:\/\/www.eikholt.no\/da\/wp-json\/wp\/v2\/types\/post"}],"author":[{"embeddable":true,"href":"https:\/\/www.eikholt.no\/da\/wp-json\/wp\/v2\/users\/2"}],"replies":[{"embeddable":true,"href":"https:\/\/www.eikholt.no\/da\/wp-json\/wp\/v2\/comments?post=856"}],"version-history":[{"count":5,"href":"https:\/\/www.eikholt.no\/da\/wp-json\/wp\/v2\/posts\/856\/revisions"}],"predecessor-version":[{"id":5374,"href":"https:\/\/www.eikholt.no\/da\/wp-json\/wp\/v2\/posts\/856\/revisions\/5374"}],"wp:attachment":[{"href":"https:\/\/www.eikholt.no\/da\/wp-json\/wp\/v2\/media?parent=856"}],"wp:term":[{"taxonomy":"category","embeddable":true,"href":"https:\/\/www.eikholt.no\/da\/wp-json\/wp\/v2\/categories?post=856"},{"taxonomy":"post_tag","embeddable":true,"href":"https:\/\/www.eikholt.no\/da\/wp-json\/wp\/v2\/tags?post=856"}],"curies":[{"name":"wp","href":"https:\/\/api.w.org\/{rel}","templated":true}]}}