{"id":1374,"date":"2021-03-29T12:59:00","date_gmt":"2021-03-29T12:59:00","guid":{"rendered":"https:\/\/www.eikholt.no\/?p=1374"},"modified":"2023-06-23T13:00:45","modified_gmt":"2023-06-23T13:00:45","slug":"mita-minun-on-tiedettava-corona-rokotteesta","status":"publish","type":"post","link":"https:\/\/www.eikholt.no\/fi\/artikkelit\/mita-minun-on-tiedettava-corona-rokotteesta\/","title":{"rendered":"Mit\u00e4 minun on tiedett\u00e4v\u00e4 corona-rokotteesta?"},"content":{"rendered":"<p><strong>Ennen rokotusta<\/strong><br>Rokotteita on t\u00e4ll\u00e4 hetkell\u00e4 saatavilla rajoitetusti, ja hallitus asettaa ne t\u00e4rkeysj\u00e4rjestykseen Norjan kansanterveyslaitoksen neuvojen perusteella. Ota yhteytt\u00e4 yleisl\u00e4\u00e4k\u00e4riin saadaksesi lis\u00e4tietoja ja\/tai arvion siit\u00e4, kuulutko riskiryhm\u00e4\u00e4n.<br>Kun on sinun vuorosi, yleisl\u00e4\u00e4k\u00e4ri tai kunta ottaa sinuun yhteytt\u00e4. Kun rekister\u00f6idyt rokotetta varten, anna puhelinnumero, johon sin\u00e4 tai joku tuttusi vastaa, jos tuntemattomasta numerosta soitetaan tai l\u00e4hetet\u00e4\u00e4n tekstiviesti.<br>Saat rokotuskeskuksessasi saatavilla olevan rokotteen.<\/p>\n\n\n\n<p><strong>Rokotusp\u00e4iv\u00e4<\/strong><br>Muista ottaa mukaan kuvallinen henkil\u00f6llisyystodistus.<\/p>\n\n\n\n<p>Rokote annetaan yl\u00e4kainaloon ruiskulla, joten k\u00e4yt\u00e4 vaatteita, jotka on helppo pukea p\u00e4\u00e4lle ja ottaa pois. Rokotuksen j\u00e4lkeen sinua pyydet\u00e4\u00e4n odottamaan rokotuskohdassa v\u00e4hint\u00e4\u00e4n 20 minuuttia, jotta sinua voidaan seurata, jos sinulla on jokin reaktio.<\/p>\n\n\n\n<p>Jos sinulla on odottamattomia, vaikeita tai pitkittyneit\u00e4 oireita, joiden uskot johtuvan rokotteesta, ota yhteytt\u00e4 l\u00e4\u00e4k\u00e4riin tai muuhun terveydenhuollon ammattilaiseen arviointia ja neuvontaa varten.<\/p>\n\n\n\n<p>Sinun ei tarvitse saapua rokotukseen, jos sinut rokotetaan rokotusp\u00e4iv\u00e4n\u00e4:<br>- sinulla on vilustumisoireita, yli 38 \u00b0C:n kuumetta tai muita merkkej\u00e4 tartuntataudista.<br>- ovat karanteenissa tai odottavat corona-testin tuloksia.<br>- jotka on rokotettu toisella rokotteella viimeisten seitsem\u00e4n p\u00e4iv\u00e4n aikana.<br>- koronataudin (covid-19) j\u00e4lkeisen eristysjakson p\u00e4\u00e4ttymisest\u00e4 on kulunut alle kolme viikkoa.<br>- on raskaana kuulumatta vakavan corona-taudin riskiryhm\u00e4\u00e4n.<\/p>\n\n\n\n<p>Jos rokotusta on lyk\u00e4tt\u00e4v\u00e4, ilmoita siit\u00e4 rokotuskeskukseen. Rokotusta lyk\u00e4t\u00e4\u00e4n t\u00e4ll\u00f6in.<\/p>\n\n\n\n<p>Jos haluat lis\u00e4tietoja rokottamisesta, suosittelemme Norjan kansanterveyslaitoksen verkkosivuja. Sivustoa p\u00e4ivitet\u00e4\u00e4n s\u00e4\u00e4nn\u00f6llisesti, ja siell\u00e4 on my\u00f6s muuta ajantasaista tietoa koronasta.<\/p>\n\n\n\n<p>Voit my\u00f6s ladata n\u00e4m\u00e4 tiedot t\u00e4\u00e4lt\u00e4: <a href=\"https:\/\/www.eikholt.no\/fi\/sovellus\/lataukset\/2023\/06\/koronavaksine-informasjon-til-brukere.docx\/\">Mit\u00e4 minun on tiedett\u00e4v\u00e4 koronavirusrokotteesta?<\/a><\/p>","protected":false},"excerpt":{"rendered":"<p>Norjan v\u00e4est\u00f6lle tarjotaan nyt korona-rokotuksia. Rokotus on ilmainen ja vapaaehtoinen. Kotikuntasi on vastuussa rokotteen tarjoamisesta, ja kunta j\u00e4rjest\u00e4\u00e4, miten rokotus toteutetaan. Tietoa rokottamisesta l\u00f6yd\u00e4t oman kuntasi verkkosivuilta. Sielt\u00e4 l\u00f6yd\u00e4t, miten rokotus j\u00e4rjestet\u00e4\u00e4n paikallisesti, milloin ja mit\u00e4 painopisteit\u00e4 on asetettu.<\/p>","protected":false},"author":2,"featured_media":0,"comment_status":"closed","ping_status":"closed","sticky":false,"template":"","format":"standard","meta":{"_acf_changed":false,"inline_featured_image":false,"ep_exclude_from_search":false,"footnotes":""},"categories":[12],"tags":[],"class_list":["post-1374","post","type-post","status-publish","format-standard","hentry","category-nyheter"],"acf":[],"yoast_head":"<!-- This site is optimized with the Yoast SEO plugin v25.8 - https:\/\/yoast.com\/wordpress\/plugins\/seo\/ -->\n<title>Hva m\u00e5 jeg vite om koronavaksinen? - Eikholt<\/title>\n<meta name=\"robots\" content=\"index, follow, max-snippet:-1, max-image-preview:large, max-video-preview:-1\" \/>\n<link rel=\"canonical\" href=\"https:\/\/www.eikholt.no\/fi\/artikkelit\/mita-minun-on-tiedettava-corona-rokotteesta\/\" \/>\n<meta property=\"og:locale\" content=\"fi_FI\" \/>\n<meta property=\"og:type\" content=\"article\" \/>\n<meta property=\"og:title\" content=\"Hva m\u00e5 jeg vite om koronavaksinen? - Eikholt\" \/>\n<meta property=\"og:description\" content=\"N\u00e5 f\u00e5r Norges befolkning tilbud om koronavaksinering. Vaksinen er gratis og den er frivillig. Det er hjemkommunen din som har ansvar for \u00e5 tilby vaksinen, og det er kommunen som organiserer hvordan det skal foreg\u00e5. Informasjon om vaksinering finner du p\u00e5 nettsidene til din kommune. Der finner du hvordan vaksinasjonen gjennomf\u00f8res lokalt, n\u00e5r og hvilke prioriteringer som er gjort.\" \/>\n<meta property=\"og:url\" content=\"https:\/\/www.eikholt.no\/fi\/artikkelit\/mita-minun-on-tiedettava-corona-rokotteesta\/\" \/>\n<meta property=\"og:site_name\" content=\"Eikholt\" \/>\n<meta property=\"article:publisher\" content=\"https:\/\/www.facebook.com\/eikholt.kompetansesenter\" \/>\n<meta property=\"article:published_time\" content=\"2021-03-29T12:59:00+00:00\" \/>\n<meta property=\"article:modified_time\" content=\"2023-06-23T13:00:45+00:00\" \/>\n<meta name=\"author\" content=\"eikholt\" \/>\n<meta name=\"twitter:card\" content=\"summary_large_image\" \/>\n<meta name=\"twitter:label1\" content=\"Written by\" \/>\n\t<meta name=\"twitter:data1\" content=\"eikholt\" \/>\n\t<meta name=\"twitter:label2\" content=\"Est. reading time\" \/>\n\t<meta name=\"twitter:data2\" content=\"1 minute\" \/>\n<script type=\"application\/ld+json\" class=\"yoast-schema-graph\">{\"@context\":\"https:\/\/schema.org\",\"@graph\":[{\"@type\":\"Article\",\"@id\":\"https:\/\/www.eikholt.no\/artikler\/hva-ma-jeg-vite-om-koronavaksinen\/#article\",\"isPartOf\":{\"@id\":\"https:\/\/www.eikholt.no\/artikler\/hva-ma-jeg-vite-om-koronavaksinen\/\"},\"author\":{\"name\":\"eikholt\",\"@id\":\"https:\/\/www.eikholt.no\/#\/schema\/person\/823978105d8e2ddceb0963ff9eb0b816\"},\"headline\":\"Hva m\u00e5 jeg vite om koronavaksinen?\",\"datePublished\":\"2021-03-29T12:59:00+00:00\",\"dateModified\":\"2023-06-23T13:00:45+00:00\",\"mainEntityOfPage\":{\"@id\":\"https:\/\/www.eikholt.no\/artikler\/hva-ma-jeg-vite-om-koronavaksinen\/\"},\"wordCount\":305,\"publisher\":{\"@id\":\"https:\/\/www.eikholt.no\/#organization\"},\"articleSection\":[\"Nyheter\"],\"inLanguage\":\"fi\"},{\"@type\":\"WebPage\",\"@id\":\"https:\/\/www.eikholt.no\/artikler\/hva-ma-jeg-vite-om-koronavaksinen\/\",\"url\":\"https:\/\/www.eikholt.no\/artikler\/hva-ma-jeg-vite-om-koronavaksinen\/\",\"name\":\"Hva m\u00e5 jeg vite om koronavaksinen? - Eikholt\",\"isPartOf\":{\"@id\":\"https:\/\/www.eikholt.no\/#website\"},\"datePublished\":\"2021-03-29T12:59:00+00:00\",\"dateModified\":\"2023-06-23T13:00:45+00:00\",\"breadcrumb\":{\"@id\":\"https:\/\/www.eikholt.no\/artikler\/hva-ma-jeg-vite-om-koronavaksinen\/#breadcrumb\"},\"inLanguage\":\"fi\",\"potentialAction\":[{\"@type\":\"ReadAction\",\"target\":[\"https:\/\/www.eikholt.no\/artikler\/hva-ma-jeg-vite-om-koronavaksinen\/\"]}]},{\"@type\":\"BreadcrumbList\",\"@id\":\"https:\/\/www.eikholt.no\/artikler\/hva-ma-jeg-vite-om-koronavaksinen\/#breadcrumb\",\"itemListElement\":[{\"@type\":\"ListItem\",\"position\":1,\"name\":\"Forside\",\"item\":\"https:\/\/www.eikholt.no\/\"},{\"@type\":\"ListItem\",\"position\":2,\"name\":\"Hva m\u00e5 jeg vite om koronavaksinen?\"}]},{\"@type\":\"WebSite\",\"@id\":\"https:\/\/www.eikholt.no\/#website\",\"url\":\"https:\/\/www.eikholt.no\/\",\"name\":\"Eikholt\",\"description\":\"\",\"publisher\":{\"@id\":\"https:\/\/www.eikholt.no\/#organization\"},\"potentialAction\":[{\"@type\":\"SearchAction\",\"target\":{\"@type\":\"EntryPoint\",\"urlTemplate\":\"https:\/\/www.eikholt.no\/?s={search_term_string}\"},\"query-input\":{\"@type\":\"PropertyValueSpecification\",\"valueRequired\":true,\"valueName\":\"search_term_string\"}}],\"inLanguage\":\"fi\"},{\"@type\":\"Organization\",\"@id\":\"https:\/\/www.eikholt.no\/#organization\",\"name\":\"Eikholt\",\"url\":\"https:\/\/www.eikholt.no\/\",\"logo\":{\"@type\":\"ImageObject\",\"inLanguage\":\"fi\",\"@id\":\"https:\/\/www.eikholt.no\/#\/schema\/logo\/image\/\",\"url\":\"https:\/\/www.eikholt.no\/app\/uploads\/2024\/04\/cropped-Logo-Eikholt-ny.jpg\",\"contentUrl\":\"https:\/\/www.eikholt.no\/app\/uploads\/2024\/04\/cropped-Logo-Eikholt-ny.jpg\",\"width\":419,\"height\":209,\"caption\":\"Eikholt\"},\"image\":{\"@id\":\"https:\/\/www.eikholt.no\/#\/schema\/logo\/image\/\"},\"sameAs\":[\"https:\/\/www.facebook.com\/eikholt.kompetansesenter\"]},{\"@type\":\"Person\",\"@id\":\"https:\/\/www.eikholt.no\/#\/schema\/person\/823978105d8e2ddceb0963ff9eb0b816\",\"name\":\"eikholt\",\"image\":{\"@type\":\"ImageObject\",\"inLanguage\":\"fi\",\"@id\":\"https:\/\/www.eikholt.no\/#\/schema\/person\/image\/\",\"url\":\"https:\/\/www.eikholt.no\/app\/uploads\/2023\/10\/only-logo-96x96.png\",\"contentUrl\":\"https:\/\/www.eikholt.no\/app\/uploads\/2023\/10\/only-logo-96x96.png\",\"caption\":\"eikholt\"},\"url\":\"https:\/\/www.eikholt.no\/fi\/artikler\/author\/eikholt\/\"}]}<\/script>\n<!-- \/ Yoast SEO plugin. -->","yoast_head_json":{"title":"Mit\u00e4 minun on tiedett\u00e4v\u00e4 corona-rokotteesta? - Eikholt","robots":{"index":"index","follow":"follow","max-snippet":"max-snippet:-1","max-image-preview":"max-image-preview:large","max-video-preview":"max-video-preview:-1"},"canonical":"https:\/\/www.eikholt.no\/fi\/artikkelit\/mita-minun-on-tiedettava-corona-rokotteesta\/","og_locale":"fi_FI","og_type":"article","og_title":"Hva m\u00e5 jeg vite om koronavaksinen? - Eikholt","og_description":"N\u00e5 f\u00e5r Norges befolkning tilbud om koronavaksinering. Vaksinen er gratis og den er frivillig. Det er hjemkommunen din som har ansvar for \u00e5 tilby vaksinen, og det er kommunen som organiserer hvordan det skal foreg\u00e5. Informasjon om vaksinering finner du p\u00e5 nettsidene til din kommune. Der finner du hvordan vaksinasjonen gjennomf\u00f8res lokalt, n\u00e5r og hvilke prioriteringer som er gjort.","og_url":"https:\/\/www.eikholt.no\/fi\/artikkelit\/mita-minun-on-tiedettava-corona-rokotteesta\/","og_site_name":"Eikholt","article_publisher":"https:\/\/www.facebook.com\/eikholt.kompetansesenter","article_published_time":"2021-03-29T12:59:00+00:00","article_modified_time":"2023-06-23T13:00:45+00:00","author":"eikholt","twitter_card":"summary_large_image","twitter_misc":{"Written by":"eikholt","Est. reading time":"1 minute"},"schema":{"@context":"https:\/\/schema.org","@graph":[{"@type":"Article","@id":"https:\/\/www.eikholt.no\/artikler\/hva-ma-jeg-vite-om-koronavaksinen\/#article","isPartOf":{"@id":"https:\/\/www.eikholt.no\/artikler\/hva-ma-jeg-vite-om-koronavaksinen\/"},"author":{"name":"eikholt","@id":"https:\/\/www.eikholt.no\/#\/schema\/person\/823978105d8e2ddceb0963ff9eb0b816"},"headline":"Hva m\u00e5 jeg vite om koronavaksinen?","datePublished":"2021-03-29T12:59:00+00:00","dateModified":"2023-06-23T13:00:45+00:00","mainEntityOfPage":{"@id":"https:\/\/www.eikholt.no\/artikler\/hva-ma-jeg-vite-om-koronavaksinen\/"},"wordCount":305,"publisher":{"@id":"https:\/\/www.eikholt.no\/#organization"},"articleSection":["Nyheter"],"inLanguage":"fi"},{"@type":"WebPage","@id":"https:\/\/www.eikholt.no\/artikler\/hva-ma-jeg-vite-om-koronavaksinen\/","url":"https:\/\/www.eikholt.no\/artikler\/hva-ma-jeg-vite-om-koronavaksinen\/","name":"Mit\u00e4 minun on tiedett\u00e4v\u00e4 corona-rokotteesta? - Eikholt","isPartOf":{"@id":"https:\/\/www.eikholt.no\/#website"},"datePublished":"2021-03-29T12:59:00+00:00","dateModified":"2023-06-23T13:00:45+00:00","breadcrumb":{"@id":"https:\/\/www.eikholt.no\/artikler\/hva-ma-jeg-vite-om-koronavaksinen\/#breadcrumb"},"inLanguage":"fi","potentialAction":[{"@type":"ReadAction","target":["https:\/\/www.eikholt.no\/artikler\/hva-ma-jeg-vite-om-koronavaksinen\/"]}]},{"@type":"BreadcrumbList","@id":"https:\/\/www.eikholt.no\/artikler\/hva-ma-jeg-vite-om-koronavaksinen\/#breadcrumb","itemListElement":[{"@type":"ListItem","position":1,"name":"Forside","item":"https:\/\/www.eikholt.no\/"},{"@type":"ListItem","position":2,"name":"Hva m\u00e5 jeg vite om koronavaksinen?"}]},{"@type":"WebSite","@id":"https:\/\/www.eikholt.no\/#website","url":"https:\/\/www.eikholt.no\/","name":"Eikholt","description":"","publisher":{"@id":"https:\/\/www.eikholt.no\/#organization"},"potentialAction":[{"@type":"SearchAction","target":{"@type":"EntryPoint","urlTemplate":"https:\/\/www.eikholt.no\/?s={search_term_string}"},"query-input":{"@type":"PropertyValueSpecification","valueRequired":true,"valueName":"search_term_string"}}],"inLanguage":"fi"},{"@type":"Organization","@id":"https:\/\/www.eikholt.no\/#organization","name":"Eikholt","url":"https:\/\/www.eikholt.no\/","logo":{"@type":"ImageObject","inLanguage":"fi","@id":"https:\/\/www.eikholt.no\/#\/schema\/logo\/image\/","url":"https:\/\/www.eikholt.no\/app\/uploads\/2024\/04\/cropped-Logo-Eikholt-ny.jpg","contentUrl":"https:\/\/www.eikholt.no\/app\/uploads\/2024\/04\/cropped-Logo-Eikholt-ny.jpg","width":419,"height":209,"caption":"Eikholt"},"image":{"@id":"https:\/\/www.eikholt.no\/#\/schema\/logo\/image\/"},"sameAs":["https:\/\/www.facebook.com\/eikholt.kompetansesenter"]},{"@type":"Person","@id":"https:\/\/www.eikholt.no\/#\/schema\/person\/823978105d8e2ddceb0963ff9eb0b816","name":"tammen mets\u00e4","image":{"@type":"ImageObject","inLanguage":"fi","@id":"https:\/\/www.eikholt.no\/#\/schema\/person\/image\/","url":"https:\/\/www.eikholt.no\/app\/uploads\/2023\/10\/only-logo-96x96.png","contentUrl":"https:\/\/www.eikholt.no\/app\/uploads\/2023\/10\/only-logo-96x96.png","caption":"eikholt"},"url":"https:\/\/www.eikholt.no\/fi\/artikler\/author\/eikholt\/"}]}},"_links":{"self":[{"href":"https:\/\/www.eikholt.no\/fi\/wp-json\/wp\/v2\/posts\/1374","targetHints":{"allow":["GET"]}}],"collection":[{"href":"https:\/\/www.eikholt.no\/fi\/wp-json\/wp\/v2\/posts"}],"about":[{"href":"https:\/\/www.eikholt.no\/fi\/wp-json\/wp\/v2\/types\/post"}],"author":[{"embeddable":true,"href":"https:\/\/www.eikholt.no\/fi\/wp-json\/wp\/v2\/users\/2"}],"replies":[{"embeddable":true,"href":"https:\/\/www.eikholt.no\/fi\/wp-json\/wp\/v2\/comments?post=1374"}],"version-history":[{"count":2,"href":"https:\/\/www.eikholt.no\/fi\/wp-json\/wp\/v2\/posts\/1374\/revisions"}],"predecessor-version":[{"id":1377,"href":"https:\/\/www.eikholt.no\/fi\/wp-json\/wp\/v2\/posts\/1374\/revisions\/1377"}],"wp:attachment":[{"href":"https:\/\/www.eikholt.no\/fi\/wp-json\/wp\/v2\/media?parent=1374"}],"wp:term":[{"taxonomy":"category","embeddable":true,"href":"https:\/\/www.eikholt.no\/fi\/wp-json\/wp\/v2\/categories?post=1374"},{"taxonomy":"post_tag","embeddable":true,"href":"https:\/\/www.eikholt.no\/fi\/wp-json\/wp\/v2\/tags?post=1374"}],"curies":[{"name":"wp","href":"https:\/\/api.w.org\/{rel}","templated":true}]}}