{"id":2609,"date":"2024-03-14T12:05:45","date_gmt":"2024-03-14T12:05:45","guid":{"rendered":"https:\/\/www.eikholt.no\/?p=2609"},"modified":"2025-01-30T08:46:35","modified_gmt":"2025-01-30T08:46:35","slug":"kari-jokstad-nimitetaan-eikholtin-tutkimuspaallikoksi","status":"publish","type":"post","link":"https:\/\/www.eikholt.no\/fi\/artikkelit\/kari-jokstad-nimitetaan-eikholtin-tutkimuspaallikoksi\/","title":{"rendered":"Kari Jokstad on nimitetty Eikholt:n tutkimusp\u00e4\u00e4llik\u00f6ksi."},"content":{"rendered":"<p>Kari Jokstad on nimitetty Eikholt:n tutkimusp\u00e4\u00e4llik\u00f6ksi. Jos etsit h\u00e4nen nime\u00e4\u00e4n, l\u00f6yd\u00e4t h\u00e4net sellaisten sanojen rinnalta kuin selviytyminen, k\u00e4ytt\u00e4jien osallistuminen ja arkikuntoutus. T\u00e4m\u00e4 ei ehk\u00e4 ole yll\u00e4tt\u00e4v\u00e4\u00e4, sill\u00e4 h\u00e4nell\u00e4 on fysioterapeutin tausta ja tohtorintutkinto ihmiskeskeisest\u00e4 kuntoutuksesta. T\u00e4ss\u00e4 muotokuvahaastattelussa tutustut Kariin ja h\u00e4nen tavoitteisiinsa Eikholt:n tutkimusp\u00e4\u00e4llikk\u00f6n\u00e4.<\/p>\n\n\n\n<h2 class=\"wp-block-heading\">Syd\u00e4mell\u00e4 ulkoilmaa kohtaan<\/h2>\n\n\n\n<p>Kari kasvoi Drammenin Konnerudissa. Lukion j\u00e4lkeen h\u00e4n muutti eri puolille Norjaa ja ulkomaille opiskelemaan ja ty\u00f6skentelem\u00e4\u00e4n. Lopulta h\u00e4n palasi kotiin, asettui perheens\u00e4 kanssa aloilleen ja sai ty\u00f6paikan Drammenin kunnasta.<\/p>\n\n\n\n<p>- \"Mielest\u00e4ni Drammen on hieno kaupunki asua. T\u00e4\u00e4ll\u00e4 minulla on perhe ja hyvi\u00e4 yst\u00e4vi\u00e4 ymp\u00e4rill\u00e4ni. T\u00e4\u00e4ll\u00e4 on paljon mahdollisuuksia ulkoilma-aktiviteetteihin, mit\u00e4 todella arvostan. Tykk\u00e4\u00e4n vaeltaa Drammensmarkassa ja merkit\u00e4 polkuja DNT:n vapaaehtoisty\u00f6ntekij\u00e4n\u00e4 sek\u00e4 uida joessa ymp\u00e4ri vuoden.  Olen kirjaston vakituinen lainaaja ja rakastan my\u00f6s vihannesten viljely\u00e4. On hyv\u00e4 k\u00e4ytt\u00e4\u00e4 kehoani k\u00e4yt\u00e4nn\u00f6n ty\u00f6h\u00f6n.<\/p>\n\n\n\n<h2 class=\"wp-block-heading\">Kuntoutus - yhteinen s\u00e4ie Karin el\u00e4m\u00e4ss\u00e4<\/h2>\n\n\n\n<p>- \"Olen ollut onnekas saadessani koko el\u00e4m\u00e4ni ajan tehd\u00e4 ty\u00f6t\u00e4, josta nautin ja jossa koen, ett\u00e4 minulla on paljon annettavaa. Kun katson taaksep\u00e4in, on yksi yhteinen tekij\u00e4. Kun olin nuori, minulla oli vammaisia yst\u00e4vi\u00e4, jotka kohtasivat tarpeettomia esteit\u00e4. My\u00f6hemmin fysioterapeuttina ty\u00f6skentelin kuntoutuksen parissa Beitost\u00f8lenin terveysliikuntakeskuksessa ja lasten fysioterapeuttina t\u00e4\u00e4ll\u00e4 Drammenissa. Silloin tajusin, ett\u00e4 useimmat asiat ovat mahdollisia. Ett\u00e4 me kaikki olemme melko samanlaisia, kun on kyse toiveistamme ja unelmistamme el\u00e4m\u00e4\u00e4 kohtaan, ja ett\u00e4 meill\u00e4 kaikilla on tarve mielekkyyteen ja t\u00e4yttymykseen. Halvdan Larsen, joka on tunnettu nimi Eikholt:n perustamisen yhteydess\u00e4, oli perheen yst\u00e4v\u00e4. H\u00e4n my\u00f6s opetti minulle paljon t\u00e4st\u00e4.&nbsp;<\/p>\n\n\n\n<h2 class=\"wp-block-heading\">K\u00e4ytt\u00e4j\u00e4n \u00e4\u00e4nen huomioon ottaminen tutkimus- ja kehitysty\u00f6ss\u00e4<\/h2>\n\n\n\n<p>Toimittuaan muutaman vuoden terveydenhuollon eri tasoilla johtajana Kari sai mahdollisuuden johtaa hanketta, jossa kehitettiin kunnallista kuntoutuspalvelua ik\u00e4\u00e4ntyneelle v\u00e4est\u00f6lle. Hankety\u00f6n kautta h\u00e4nen uteliaisuutensa siit\u00e4, miten k\u00e4ytt\u00e4jien osallistumista harjoitetaan ja koetaan, kasvoi niin suureksi, ett\u00e4 Kari p\u00e4\u00e4tti v\u00e4itell\u00e4 ihmisl\u00e4ht\u00f6isen terveysty\u00f6n tohtoriksi.<\/p>\n\n\n\n<p>Sitten tarjoutui tilaisuus toimia tutkimusp\u00e4\u00e4llikk\u00f6n\u00e4 t\u00e4\u00e4ll\u00e4 Eikholt:ss\u00e4.&nbsp;<\/p>\n\n\n\n<p>- \"Reilun kuuden kuukauden j\u00e4lkeen olen huomannut, ett\u00e4 voin hy\u00f6dynt\u00e4\u00e4 kaikkea vuosien varrella saamaani koulutusta ja kokemusta. K\u00e4ytt\u00e4jien osallistuminen on jo luonnollinen osa Eikholt:n palvelujen kehitt\u00e4mist\u00e4. <\/p>\n\n\n\n<p>- \"Haluan edist\u00e4\u00e4 k\u00e4ytt\u00e4jien entist\u00e4 vahvempaa osallistumista ottamalla k\u00e4ytt\u00e4j\u00e4t mukaan hankkeiden kaikkiin vaiheisiin: suunnitteluun, toteutukseen ja viestint\u00e4\u00e4n. T\u00e4m\u00e4 edellytt\u00e4\u00e4 asiantuntemusta. Ty\u00f6st\u00e4mme parhaillaan hanketta, jonka tuloksena on kurssi k\u00e4ytt\u00e4jien osallistumisesta tutkimukseen.<\/p>\n\n\n\n<figure class=\"wp-block-image size-large\"><img loading=\"lazy\" decoding=\"async\" width=\"1024\" height=\"771\" src=\"https:\/\/www.eikholt.no\/app\/uploads\/2024\/03\/Prosjektmedarbeidere-1024x771.jpg\" alt=\"Kuvassa vasemmalta oikealle: Emilio Jensen Granados, Marie Dyrkorn Egge, Erik Nilsen, Fereshteh Halimi, Bedir Yiyit, Kari Jokstad. \" class=\"wp-image-2626\" srcset=\"https:\/\/www.eikholt.no\/app\/uploads\/2024\/03\/Prosjektmedarbeidere-1024x771.jpg 1024w, https:\/\/www.eikholt.no\/app\/uploads\/2024\/03\/Prosjektmedarbeidere-300x226.jpg 300w, https:\/\/www.eikholt.no\/app\/uploads\/2024\/03\/Prosjektmedarbeidere-768x578.jpg 768w, https:\/\/www.eikholt.no\/app\/uploads\/2024\/03\/Prosjektmedarbeidere-1536x1157.jpg 1536w, https:\/\/www.eikholt.no\/app\/uploads\/2024\/03\/Prosjektmedarbeidere.jpg 2048w\" sizes=\"auto, (max-width: 1024px) 100vw, 1024px\" \/><figcaption class=\"wp-element-caption\">Hankehenkil\u00f6st\u00f6 hankkeessa \"K\u00e4ytt\u00e4jien osallistuminen tutkimukseen\". <br>Kuvassa vasemmalta oikealle: Emilio Jensen Granados, Marie Dyrkorn Egge, Erik Nilsen, Fereshteh Halimi, Bedir Yiyit, Kari Jokstad. <\/figcaption><\/figure>\n\n\n\n<h2 class=\"wp-block-heading\">Haluavat lis\u00e4t\u00e4 tiet\u00e4myst\u00e4 yhdistetyist\u00e4 n\u00e4k\u00f6- ja kuulovammoista.<\/h2>\n\n\n\n<p>Kari ty\u00f6skentelee my\u00f6s hankehakemusten parissa, organisoi hankkeita ja auttaa priorisoimaan tutkimus- ja kehitysaloitteita. Kaiken tutkimus- ja kehitysty\u00f6n on edistett\u00e4v\u00e4 kohderyhm\u00e4lle merkityksellisen tiedon lis\u00e4\u00e4mist\u00e4.<\/p>\n\n\n\n<p>- \"Minulle tuli my\u00f6s mieleen, ett\u00e4 ty\u00f6ntekij\u00f6iden ja k\u00e4ytt\u00e4jien keskuudessa on paljon tietoa. Tietoa, jota pid\u00e4mme ehk\u00e4 itsest\u00e4\u00e4nselvyyten\u00e4, mutta jota voitaisiin systematisoida ja levitt\u00e4\u00e4 viel\u00e4kin laajemmin. Eikholt:ss\u00e4 on vakiintunut perinne julkaista suosittuja tieteellisi\u00e4 Eikholt-raportteja. On t\u00e4rke\u00e4\u00e4, ett\u00e4 jatkamme t\u00e4t\u00e4.<\/p>\n\n\n\n<p><em>Saattaa olla hieman aikaista kysy\u00e4, onko kuurosokeuden ja kuntoutuksen alalla mielest\u00e4si erityisi\u00e4 alueita, jotka vaativat enemm\u00e4n huomiota tutkimusyhteis\u00f6lt\u00e4?<\/em><\/p>\n\n\n\n<p>\"Puolen vuoden j\u00e4lkeen minulla ei ole kattavaa yleiskuvaa alan tutkimukseen perustuvasta tietopohjasta. Minulla on kuitenkin joitakin kysymyksi\u00e4 tai mietteit\u00e4. Ehk\u00e4 niihin on jo olemassa vastauksia, mutta voin kuitenkin mainita ne. <\/p>\n\n\n\n<p>Tied\u00e4mmek\u00f6 riitt\u00e4v\u00e4sti nykyp\u00e4iv\u00e4n haasteista ja esteist\u00e4, joita nuoret, joilla on yhdistetty n\u00e4k\u00f6- ja kuulovamma, kohtaavat?  Tied\u00e4mmek\u00f6 tarpeeksi energians\u00e4\u00e4st\u00f6st\u00e4 ja siit\u00e4, mitk\u00e4 voivat olla hyvi\u00e4 ennaltaehk\u00e4isevi\u00e4 toimenpiteit\u00e4 el\u00e4m\u00e4nlaadun parantamiseksi?<\/p>\n\n\n\n<h2 class=\"wp-block-heading\">Hyvi\u00e4 palveluja k\u00e4ytt\u00e4jille on kehitett\u00e4v\u00e4 edelleen<\/h2>\n\n\n\n<p><em>Miten aiotte tehd\u00e4 yhteisty\u00f6t\u00e4 Eikholt:n muiden tiimien ja verkostojen kanssa vahvistaaksenne palveluja, joita tarjotaan henkil\u00f6ille, joilla on yhdistetty n\u00e4k\u00f6- ja kuulovamma?<\/em><\/p>\n\n\n\n<p>-Eikholt:ll\u00e4 on monialainen ja vahva ty\u00f6ntekij\u00e4tiimi. Yhdess\u00e4 k\u00e4ytt\u00e4jien kanssa he kartoittavat jatkuvasti mahdollisuuksia parantaa kurssien sis\u00e4lt\u00f6\u00e4 ja laatua. Uskon, ett\u00e4 voimme yhdess\u00e4 toteuttaa useita pieni\u00e4 kehityshankkeita. Oma panokseni t\u00e4h\u00e4n ty\u00f6h\u00f6n liittyy organisointiin, rakenteeseen ja ohjaukseen. Ehk\u00e4 kurssien vaikutusten tutkiminen voisi olla my\u00f6s erillinen hanke?<\/p>\n\n\n\n<p>-Tavoitteeni on my\u00f6s auttaa tuomaan esiin Eikholt:n asiantuntemusta lasten n\u00e4\u00f6n ja kuulon kartoittamisessa.<\/p>\n\n\n\n<h2 class=\"wp-block-heading\">Luova, j\u00e4rjestelm\u00e4llinen ja k\u00e4rsim\u00e4t\u00f6n<\/h2>\n\n\n\n<p>Muut kuvaavat Karia luovaksi, j\u00e4rjestelm\u00e4lliseksi ja hieman k\u00e4rsim\u00e4tt\u00f6m\u00e4ksi. H\u00e4nelt\u00e4 on helppo kysy\u00e4 panosta tapahtumiin. H\u00e4nell\u00e4 on usein jotain yll\u00e4tt\u00e4v\u00e4\u00e4 hihassaan.<\/p>\n\n\n\n<p>Kun h\u00e4nelt\u00e4 kysyt\u00e4\u00e4n, voisiko h\u00e4nt\u00e4 kuvata jokin sitaatti, h\u00e4n katsoo mietteli\u00e4\u00e4sti avaruuteen ennen kuin kertoo sen meille hymyillen. <\/p>\n\n\n\n<p>-Kortissani luki: \"Se, jolla on molemmat jalat maassa, seisoo paikallaan\". Kai se johtuu siit\u00e4, ett\u00e4 olen aina ollut utelias ja halunnut kokeilla uusia asioita.<\/p>\n\n\n\n<h3 class=\"wp-block-heading\">Ota rohkeasti yhteytt\u00e4<\/h3>\n\n\n\n<p>Kari tulee mielell\u00e4\u00e4n kokouksiin ja seminaareihin kuuntelemaan ja antamaan panoksensa, ja h\u00e4n arvostaa suuresti hankeideoita tai muuta asiaankuuluvaa panosta. <\/p>\n\n\n\n<p>-Ota rohkeasti yhteytt\u00e4 minuun.<\/p>","protected":false},"excerpt":{"rendered":"<p>Kari Jokstad toimii Eikholt:n tutkimusp\u00e4\u00e4llikk\u00f6n\u00e4 vastaperustetussa teht\u00e4v\u00e4ss\u00e4. Jos etsit h\u00e4nen nime\u00e4\u00e4n, l\u00f6yd\u00e4t h\u00e4net sellaisten sanojen rinnalta kuin selviytyminen, k\u00e4ytt\u00e4jien osallistuminen ja arkikuntoutus. Ei ehk\u00e4 yll\u00e4tt\u00e4v\u00e4\u00e4, kun otetaan huomioon, ett\u00e4 h\u00e4nell\u00e4 on fysioterapeutin tausta ja tohtorintutkinto ihmiskeskeisest\u00e4 kuntoutuksesta. T\u00e4ss\u00e4 muotokuvahaastattelussa tutustut Kariin ja h\u00e4nen tavoitteisiinsa Eikholt:n tutkimusp\u00e4\u00e4llikk\u00f6n\u00e4.<\/p>","protected":false},"author":2,"featured_media":2611,"comment_status":"closed","ping_status":"closed","sticky":false,"template":"","format":"standard","meta":{"_acf_changed":false,"inline_featured_image":false,"ep_exclude_from_search":false,"footnotes":""},"categories":[12],"tags":[],"class_list":["post-2609","post","type-post","status-publish","format-standard","has-post-thumbnail","hentry","category-nyheter"],"acf":[],"yoast_head":"<!-- This site is optimized with the Yoast SEO plugin v25.8 - https:\/\/yoast.com\/wordpress\/plugins\/seo\/ -->\n<title>Kari Jokstad er tilsatt som forskningsleder ved Eikholt<\/title>\n<meta name=\"description\" content=\"Forskning og utvikling med brukermedvirkning fra personer med kombinert syns- og h\u00f8rselsnedsettelse\/d\u00f8vblindhet er sentralt i arbeid fremover\" \/>\n<meta name=\"robots\" content=\"index, follow, max-snippet:-1, max-image-preview:large, max-video-preview:-1\" \/>\n<link rel=\"canonical\" href=\"https:\/\/www.eikholt.no\/fi\/artikkelit\/kari-jokstad-nimitetaan-eikholtin-tutkimuspaallikoksi\/\" \/>\n<meta property=\"og:locale\" content=\"fi_FI\" \/>\n<meta property=\"og:type\" content=\"article\" \/>\n<meta property=\"og:title\" content=\"Kari Jokstad er tilsatt som forskningsleder ved Eikholt\" \/>\n<meta property=\"og:description\" content=\"Forskning og utvikling med brukermedvirkning fra personer med kombinert syns- og h\u00f8rselsnedsettelse\/d\u00f8vblindhet er sentralt i arbeid fremover\" \/>\n<meta property=\"og:url\" content=\"https:\/\/www.eikholt.no\/fi\/artikkelit\/kari-jokstad-nimitetaan-eikholtin-tutkimuspaallikoksi\/\" \/>\n<meta property=\"og:site_name\" content=\"Eikholt\" \/>\n<meta property=\"article:publisher\" content=\"https:\/\/www.facebook.com\/eikholt.kompetansesenter\" \/>\n<meta property=\"article:published_time\" content=\"2024-03-14T12:05:45+00:00\" \/>\n<meta property=\"article:modified_time\" content=\"2025-01-30T08:46:35+00:00\" \/>\n<meta property=\"og:image\" content=\"https:\/\/www.eikholt.no\/app\/uploads\/2024\/03\/Kari-Jokstad-2024-scaled.jpg\" \/>\n\t<meta property=\"og:image:width\" content=\"1920\" \/>\n\t<meta property=\"og:image:height\" content=\"2560\" \/>\n\t<meta property=\"og:image:type\" content=\"image\/jpeg\" \/>\n<meta name=\"author\" content=\"eikholt\" \/>\n<meta name=\"twitter:card\" content=\"summary_large_image\" \/>\n<meta name=\"twitter:label1\" content=\"Written by\" \/>\n\t<meta name=\"twitter:data1\" content=\"eikholt\" \/>\n\t<meta name=\"twitter:label2\" content=\"Est. reading time\" \/>\n\t<meta name=\"twitter:data2\" content=\"6 minutes\" \/>\n<script type=\"application\/ld+json\" class=\"yoast-schema-graph\">{\"@context\":\"https:\/\/schema.org\",\"@graph\":[{\"@type\":\"Article\",\"@id\":\"https:\/\/www.eikholt.no\/artikler\/kari-jokstad-er-tilsatt-som-forskningsleder-ved-eikholt\/#article\",\"isPartOf\":{\"@id\":\"https:\/\/www.eikholt.no\/artikler\/kari-jokstad-er-tilsatt-som-forskningsleder-ved-eikholt\/\"},\"author\":{\"name\":\"eikholt\",\"@id\":\"https:\/\/www.eikholt.no\/#\/schema\/person\/823978105d8e2ddceb0963ff9eb0b816\"},\"headline\":\"Kari Jokstad er tilsatt som forskningsleder ved Eikholt\",\"datePublished\":\"2024-03-14T12:05:45+00:00\",\"dateModified\":\"2025-01-30T08:46:35+00:00\",\"mainEntityOfPage\":{\"@id\":\"https:\/\/www.eikholt.no\/artikler\/kari-jokstad-er-tilsatt-som-forskningsleder-ved-eikholt\/\"},\"wordCount\":962,\"publisher\":{\"@id\":\"https:\/\/www.eikholt.no\/#organization\"},\"image\":{\"@id\":\"https:\/\/www.eikholt.no\/artikler\/kari-jokstad-er-tilsatt-som-forskningsleder-ved-eikholt\/#primaryimage\"},\"thumbnailUrl\":\"https:\/\/www.eikholt.no\/app\/uploads\/2024\/03\/Kari-Jokstad-2024-scaled.jpg\",\"articleSection\":[\"Nyheter\"],\"inLanguage\":\"fi\"},{\"@type\":\"WebPage\",\"@id\":\"https:\/\/www.eikholt.no\/artikler\/kari-jokstad-er-tilsatt-som-forskningsleder-ved-eikholt\/\",\"url\":\"https:\/\/www.eikholt.no\/artikler\/kari-jokstad-er-tilsatt-som-forskningsleder-ved-eikholt\/\",\"name\":\"Kari Jokstad er tilsatt som forskningsleder ved Eikholt\",\"isPartOf\":{\"@id\":\"https:\/\/www.eikholt.no\/#website\"},\"primaryImageOfPage\":{\"@id\":\"https:\/\/www.eikholt.no\/artikler\/kari-jokstad-er-tilsatt-som-forskningsleder-ved-eikholt\/#primaryimage\"},\"image\":{\"@id\":\"https:\/\/www.eikholt.no\/artikler\/kari-jokstad-er-tilsatt-som-forskningsleder-ved-eikholt\/#primaryimage\"},\"thumbnailUrl\":\"https:\/\/www.eikholt.no\/app\/uploads\/2024\/03\/Kari-Jokstad-2024-scaled.jpg\",\"datePublished\":\"2024-03-14T12:05:45+00:00\",\"dateModified\":\"2025-01-30T08:46:35+00:00\",\"description\":\"Forskning og utvikling med brukermedvirkning fra personer med kombinert syns- og h\u00f8rselsnedsettelse\/d\u00f8vblindhet er sentralt i arbeid fremover\",\"breadcrumb\":{\"@id\":\"https:\/\/www.eikholt.no\/artikler\/kari-jokstad-er-tilsatt-som-forskningsleder-ved-eikholt\/#breadcrumb\"},\"inLanguage\":\"fi\",\"potentialAction\":[{\"@type\":\"ReadAction\",\"target\":[\"https:\/\/www.eikholt.no\/artikler\/kari-jokstad-er-tilsatt-som-forskningsleder-ved-eikholt\/\"]}]},{\"@type\":\"ImageObject\",\"inLanguage\":\"fi\",\"@id\":\"https:\/\/www.eikholt.no\/artikler\/kari-jokstad-er-tilsatt-som-forskningsleder-ved-eikholt\/#primaryimage\",\"url\":\"https:\/\/www.eikholt.no\/app\/uploads\/2024\/03\/Kari-Jokstad-2024-scaled.jpg\",\"contentUrl\":\"https:\/\/www.eikholt.no\/app\/uploads\/2024\/03\/Kari-Jokstad-2024-scaled.jpg\",\"width\":1920,\"height\":2560,\"caption\":\"Portrettbilde av Kari Jokstad. Hun st\u00e5r utend\u00f8rs, har lyst langt h\u00e5r, ovalt ansikt, smiler med \u00e5pen munn. Hun har p\u00e5 seg sm\u00e5 \u00f8redobber, gr\u00e5 jakke, skjorte og en genser utenp\u00e5.\"},{\"@type\":\"BreadcrumbList\",\"@id\":\"https:\/\/www.eikholt.no\/artikler\/kari-jokstad-er-tilsatt-som-forskningsleder-ved-eikholt\/#breadcrumb\",\"itemListElement\":[{\"@type\":\"ListItem\",\"position\":1,\"name\":\"Forside\",\"item\":\"https:\/\/www.eikholt.no\/\"},{\"@type\":\"ListItem\",\"position\":2,\"name\":\"Kari Jokstad er tilsatt som forskningsleder ved Eikholt\"}]},{\"@type\":\"WebSite\",\"@id\":\"https:\/\/www.eikholt.no\/#website\",\"url\":\"https:\/\/www.eikholt.no\/\",\"name\":\"Eikholt\",\"description\":\"\",\"publisher\":{\"@id\":\"https:\/\/www.eikholt.no\/#organization\"},\"potentialAction\":[{\"@type\":\"SearchAction\",\"target\":{\"@type\":\"EntryPoint\",\"urlTemplate\":\"https:\/\/www.eikholt.no\/?s={search_term_string}\"},\"query-input\":{\"@type\":\"PropertyValueSpecification\",\"valueRequired\":true,\"valueName\":\"search_term_string\"}}],\"inLanguage\":\"fi\"},{\"@type\":\"Organization\",\"@id\":\"https:\/\/www.eikholt.no\/#organization\",\"name\":\"Eikholt\",\"url\":\"https:\/\/www.eikholt.no\/\",\"logo\":{\"@type\":\"ImageObject\",\"inLanguage\":\"fi\",\"@id\":\"https:\/\/www.eikholt.no\/#\/schema\/logo\/image\/\",\"url\":\"https:\/\/www.eikholt.no\/app\/uploads\/2024\/04\/cropped-Logo-Eikholt-ny.jpg\",\"contentUrl\":\"https:\/\/www.eikholt.no\/app\/uploads\/2024\/04\/cropped-Logo-Eikholt-ny.jpg\",\"width\":419,\"height\":209,\"caption\":\"Eikholt\"},\"image\":{\"@id\":\"https:\/\/www.eikholt.no\/#\/schema\/logo\/image\/\"},\"sameAs\":[\"https:\/\/www.facebook.com\/eikholt.kompetansesenter\"]},{\"@type\":\"Person\",\"@id\":\"https:\/\/www.eikholt.no\/#\/schema\/person\/823978105d8e2ddceb0963ff9eb0b816\",\"name\":\"eikholt\",\"image\":{\"@type\":\"ImageObject\",\"inLanguage\":\"fi\",\"@id\":\"https:\/\/www.eikholt.no\/#\/schema\/person\/image\/\",\"url\":\"https:\/\/www.eikholt.no\/app\/uploads\/2023\/10\/only-logo-96x96.png\",\"contentUrl\":\"https:\/\/www.eikholt.no\/app\/uploads\/2023\/10\/only-logo-96x96.png\",\"caption\":\"eikholt\"},\"url\":\"https:\/\/www.eikholt.no\/fi\/artikler\/author\/eikholt\/\"}]}<\/script>\n<!-- \/ Yoast SEO plugin. -->","yoast_head_json":{"title":"Kari Jokstad on nimitetty Eikholt:n tutkimusp\u00e4\u00e4llik\u00f6ksi.","description":"Tulevassa ty\u00f6ss\u00e4 keskeist\u00e4 on tutkimus- ja kehitysty\u00f6, johon osallistuu k\u00e4ytt\u00e4ji\u00e4, joilla on yhdistetty n\u00e4k\u00f6- ja kuulovamma tai kuurosokeus.","robots":{"index":"index","follow":"follow","max-snippet":"max-snippet:-1","max-image-preview":"max-image-preview:large","max-video-preview":"max-video-preview:-1"},"canonical":"https:\/\/www.eikholt.no\/fi\/artikkelit\/kari-jokstad-nimitetaan-eikholtin-tutkimuspaallikoksi\/","og_locale":"fi_FI","og_type":"article","og_title":"Kari Jokstad er tilsatt som forskningsleder ved Eikholt","og_description":"Forskning og utvikling med brukermedvirkning fra personer med kombinert syns- og h\u00f8rselsnedsettelse\/d\u00f8vblindhet er sentralt i arbeid fremover","og_url":"https:\/\/www.eikholt.no\/fi\/artikkelit\/kari-jokstad-nimitetaan-eikholtin-tutkimuspaallikoksi\/","og_site_name":"Eikholt","article_publisher":"https:\/\/www.facebook.com\/eikholt.kompetansesenter","article_published_time":"2024-03-14T12:05:45+00:00","article_modified_time":"2025-01-30T08:46:35+00:00","og_image":[{"width":1920,"height":2560,"url":"https:\/\/www.eikholt.no\/app\/uploads\/2024\/03\/Kari-Jokstad-2024-scaled.jpg","type":"image\/jpeg"}],"author":"eikholt","twitter_card":"summary_large_image","twitter_misc":{"Written by":"eikholt","Est. reading time":"6 minutes"},"schema":{"@context":"https:\/\/schema.org","@graph":[{"@type":"Article","@id":"https:\/\/www.eikholt.no\/artikler\/kari-jokstad-er-tilsatt-som-forskningsleder-ved-eikholt\/#article","isPartOf":{"@id":"https:\/\/www.eikholt.no\/artikler\/kari-jokstad-er-tilsatt-som-forskningsleder-ved-eikholt\/"},"author":{"name":"eikholt","@id":"https:\/\/www.eikholt.no\/#\/schema\/person\/823978105d8e2ddceb0963ff9eb0b816"},"headline":"Kari Jokstad er tilsatt som forskningsleder ved Eikholt","datePublished":"2024-03-14T12:05:45+00:00","dateModified":"2025-01-30T08:46:35+00:00","mainEntityOfPage":{"@id":"https:\/\/www.eikholt.no\/artikler\/kari-jokstad-er-tilsatt-som-forskningsleder-ved-eikholt\/"},"wordCount":962,"publisher":{"@id":"https:\/\/www.eikholt.no\/#organization"},"image":{"@id":"https:\/\/www.eikholt.no\/artikler\/kari-jokstad-er-tilsatt-som-forskningsleder-ved-eikholt\/#primaryimage"},"thumbnailUrl":"https:\/\/www.eikholt.no\/app\/uploads\/2024\/03\/Kari-Jokstad-2024-scaled.jpg","articleSection":["Nyheter"],"inLanguage":"fi"},{"@type":"WebPage","@id":"https:\/\/www.eikholt.no\/artikler\/kari-jokstad-er-tilsatt-som-forskningsleder-ved-eikholt\/","url":"https:\/\/www.eikholt.no\/artikler\/kari-jokstad-er-tilsatt-som-forskningsleder-ved-eikholt\/","name":"Kari Jokstad on nimitetty Eikholt:n tutkimusp\u00e4\u00e4llik\u00f6ksi.","isPartOf":{"@id":"https:\/\/www.eikholt.no\/#website"},"primaryImageOfPage":{"@id":"https:\/\/www.eikholt.no\/artikler\/kari-jokstad-er-tilsatt-som-forskningsleder-ved-eikholt\/#primaryimage"},"image":{"@id":"https:\/\/www.eikholt.no\/artikler\/kari-jokstad-er-tilsatt-som-forskningsleder-ved-eikholt\/#primaryimage"},"thumbnailUrl":"https:\/\/www.eikholt.no\/app\/uploads\/2024\/03\/Kari-Jokstad-2024-scaled.jpg","datePublished":"2024-03-14T12:05:45+00:00","dateModified":"2025-01-30T08:46:35+00:00","description":"Tulevassa ty\u00f6ss\u00e4 keskeist\u00e4 on tutkimus- ja kehitysty\u00f6, johon osallistuu k\u00e4ytt\u00e4ji\u00e4, joilla on yhdistetty n\u00e4k\u00f6- ja kuulovamma tai kuurosokeus.","breadcrumb":{"@id":"https:\/\/www.eikholt.no\/artikler\/kari-jokstad-er-tilsatt-som-forskningsleder-ved-eikholt\/#breadcrumb"},"inLanguage":"fi","potentialAction":[{"@type":"ReadAction","target":["https:\/\/www.eikholt.no\/artikler\/kari-jokstad-er-tilsatt-som-forskningsleder-ved-eikholt\/"]}]},{"@type":"ImageObject","inLanguage":"fi","@id":"https:\/\/www.eikholt.no\/artikler\/kari-jokstad-er-tilsatt-som-forskningsleder-ved-eikholt\/#primaryimage","url":"https:\/\/www.eikholt.no\/app\/uploads\/2024\/03\/Kari-Jokstad-2024-scaled.jpg","contentUrl":"https:\/\/www.eikholt.no\/app\/uploads\/2024\/03\/Kari-Jokstad-2024-scaled.jpg","width":1920,"height":2560,"caption":"Portrettbilde av Kari Jokstad. Hun st\u00e5r utend\u00f8rs, har lyst langt h\u00e5r, ovalt ansikt, smiler med \u00e5pen munn. Hun har p\u00e5 seg sm\u00e5 \u00f8redobber, gr\u00e5 jakke, skjorte og en genser utenp\u00e5."},{"@type":"BreadcrumbList","@id":"https:\/\/www.eikholt.no\/artikler\/kari-jokstad-er-tilsatt-som-forskningsleder-ved-eikholt\/#breadcrumb","itemListElement":[{"@type":"ListItem","position":1,"name":"Forside","item":"https:\/\/www.eikholt.no\/"},{"@type":"ListItem","position":2,"name":"Kari Jokstad er tilsatt som forskningsleder ved Eikholt"}]},{"@type":"WebSite","@id":"https:\/\/www.eikholt.no\/#website","url":"https:\/\/www.eikholt.no\/","name":"Eikholt","description":"","publisher":{"@id":"https:\/\/www.eikholt.no\/#organization"},"potentialAction":[{"@type":"SearchAction","target":{"@type":"EntryPoint","urlTemplate":"https:\/\/www.eikholt.no\/?s={search_term_string}"},"query-input":{"@type":"PropertyValueSpecification","valueRequired":true,"valueName":"search_term_string"}}],"inLanguage":"fi"},{"@type":"Organization","@id":"https:\/\/www.eikholt.no\/#organization","name":"Eikholt","url":"https:\/\/www.eikholt.no\/","logo":{"@type":"ImageObject","inLanguage":"fi","@id":"https:\/\/www.eikholt.no\/#\/schema\/logo\/image\/","url":"https:\/\/www.eikholt.no\/app\/uploads\/2024\/04\/cropped-Logo-Eikholt-ny.jpg","contentUrl":"https:\/\/www.eikholt.no\/app\/uploads\/2024\/04\/cropped-Logo-Eikholt-ny.jpg","width":419,"height":209,"caption":"Eikholt"},"image":{"@id":"https:\/\/www.eikholt.no\/#\/schema\/logo\/image\/"},"sameAs":["https:\/\/www.facebook.com\/eikholt.kompetansesenter"]},{"@type":"Person","@id":"https:\/\/www.eikholt.no\/#\/schema\/person\/823978105d8e2ddceb0963ff9eb0b816","name":"tammen mets\u00e4","image":{"@type":"ImageObject","inLanguage":"fi","@id":"https:\/\/www.eikholt.no\/#\/schema\/person\/image\/","url":"https:\/\/www.eikholt.no\/app\/uploads\/2023\/10\/only-logo-96x96.png","contentUrl":"https:\/\/www.eikholt.no\/app\/uploads\/2023\/10\/only-logo-96x96.png","caption":"eikholt"},"url":"https:\/\/www.eikholt.no\/fi\/artikler\/author\/eikholt\/"}]}},"_links":{"self":[{"href":"https:\/\/www.eikholt.no\/fi\/wp-json\/wp\/v2\/posts\/2609","targetHints":{"allow":["GET"]}}],"collection":[{"href":"https:\/\/www.eikholt.no\/fi\/wp-json\/wp\/v2\/posts"}],"about":[{"href":"https:\/\/www.eikholt.no\/fi\/wp-json\/wp\/v2\/types\/post"}],"author":[{"embeddable":true,"href":"https:\/\/www.eikholt.no\/fi\/wp-json\/wp\/v2\/users\/2"}],"replies":[{"embeddable":true,"href":"https:\/\/www.eikholt.no\/fi\/wp-json\/wp\/v2\/comments?post=2609"}],"version-history":[{"count":22,"href":"https:\/\/www.eikholt.no\/fi\/wp-json\/wp\/v2\/posts\/2609\/revisions"}],"predecessor-version":[{"id":4140,"href":"https:\/\/www.eikholt.no\/fi\/wp-json\/wp\/v2\/posts\/2609\/revisions\/4140"}],"wp:featuredmedia":[{"embeddable":true,"href":"https:\/\/www.eikholt.no\/fi\/wp-json\/wp\/v2\/media\/2611"}],"wp:attachment":[{"href":"https:\/\/www.eikholt.no\/fi\/wp-json\/wp\/v2\/media?parent=2609"}],"wp:term":[{"taxonomy":"category","embeddable":true,"href":"https:\/\/www.eikholt.no\/fi\/wp-json\/wp\/v2\/categories?post=2609"},{"taxonomy":"post_tag","embeddable":true,"href":"https:\/\/www.eikholt.no\/fi\/wp-json\/wp\/v2\/tags?post=2609"}],"curies":[{"name":"wp","href":"https:\/\/api.w.org\/{rel}","templated":true}]}}